{"id":42072,"date":"2025-03-24T11:45:05","date_gmt":"2025-03-24T11:45:05","guid":{"rendered":"https:\/\/247stiri.ro\/index.php\/2025\/03\/24\/motivul-pentru-care-ministerul-mediului-baga-bani-in-meteorologie-mircea-fechet-speram-sa-avem-un-an-cu-putine-recorduri-si-probleme\/"},"modified":"2025-03-24T11:45:05","modified_gmt":"2025-03-24T11:45:05","slug":"motivul-pentru-care-ministerul-mediului-baga-bani-in-meteorologie-mircea-fechet-speram-sa-avem-un-an-cu-putine-recorduri-si-probleme","status":"publish","type":"post","link":"https:\/\/247stiri.ro\/index.php\/2025\/03\/24\/motivul-pentru-care-ministerul-mediului-baga-bani-in-meteorologie-mircea-fechet-speram-sa-avem-un-an-cu-putine-recorduri-si-probleme\/","title":{"rendered":"Motivul pentru care Ministerul Mediului bag\u0103 bani \u00een meteorologie. Mircea Fechet: \u201eSper\u0103m s\u0103 avem un an cu pu\u021bine recorduri \u0219i probleme\u201d"},"content":{"rendered":"<p>Dup\u0103 ce Rom\u00e2nia a avut parte de cea mai cald\u0103 lun\u0103 sau cel mai cald an, <a href=\"https:\/\/www.realitatea.net\/stiri\/actual\/lovitura-crunta-pentru-romanii-care-se-incalzesc-cu-lemne-comisia-europeana-este-pe-cale-sa-interzica-total-utilizarea-acestora-in-gospodarii_67dc01db5ec82f639e1b4312\" target=\"_blank\">Mircea Fechet <\/a>a subliniat c\u0103 sper\u0103 s\u0103 fie un an cu \u201epu\u021bine recorduri\u201d.<\/p>\n<p>\u201eTrebuie s\u0103 ne facem planuri \u00eendr\u0103zne\u021be pentru viitor (&#8230;) C\u00e2nd discut\u0103m despre vreme, despre clim\u0103 sau despre ap\u0103, aproape c\u0103 vorbe\u0219ti despre un lucru singular. \u0218i chiar dac\u0103 tema acestui an pentru Ziua Mondial\u0103 Apei este legat\u0103 de conservarea ghe\u021barilor, iar la meteorologie de avertiz\u0103ri, timpuri eficiente, cred c\u0103 sunt multe chestiuni despre care putem s\u0103 vorbim \u0219i noi \u00een Rom\u00e2nia, chiar dac\u0103 n-avem foarte mul\u021bi ghe\u021bari. Despre ap\u0103 am putea vorbi zile \u00een \u0219ir, pentru c\u0103 schimb\u0103rile climatice ne afecteaz\u0103 deja \u00eentr-un mod semnificativ, fie c\u0103 discut\u0103m despre secet\u0103, fie c\u0103 discut\u0103m despre de\u0219ertificare. Dac\u0103 vorbim despre lipsa apei \u00een regiuni, cu s\u0103pt\u0103m\u00e2nile sau cu lunile, sau dac\u0103 vorbim despre inunda\u021bii, fenomene meteo extreme \u0219i schimb\u0103ri climatice, \u00een general, sunt teme aproape inepuizabile. Este un motiv \u00een plus s\u0103 m\u0103 bucur de calitatea muncii pe care colegii mei o fac \u00een fiecare zi, s\u0103 m\u0103 bucur de faptul c\u0103 institu\u021biile noastre colaboreaz\u0103 foarte bine \u0219i ANM, dac\u0103 tot ne g\u0103zduie\u0219te ast\u0103zi trebuie l\u0103udat atunci c\u00e2nd e cazul. Trebuie s\u0103 spun c\u0103 e una dintre institu\u021biile din coordonarea Ministerului Mediului pe care ne baz\u0103m foarte mult \u0219i care func\u021bioneaz\u0103 a\u0219a cum trebuie\u201d, a declarat Fechet.<\/p>\n<p>Ministrul Mediului a spus c\u0103 utilizarea Inteligen\u021bei Artificiale sau a super-computerelor pot ajuta la modelarea c\u00e2t mai precis\u0103 a prognozelor meteorologice.<\/p>\n<p>\u201e\u00centotdeauna sunt lucruri pe care le putem \u00eembun\u0103t\u0103\u021bi, \u00een\u021beleg\u00e2nd faptul c\u0103 munca omului nu poate fi niciodat\u0103 \u00eenlocuit\u0103 cu nimic. Ceea ce a\u0219 ad\u0103uga este faptul c\u0103 discut\u0103m din ce \u00een ce mai des \u00een ultima perioad\u0103 de folosirea Inteligen\u021bei Artificiale, discut\u0103m despre super-computere cu o capacitate de modelare, de gestionare a unor cantit\u0103\u021bi enorme de informa\u021bii \u00een timp real. Discut\u0103m despre cum aceste lucruri ar putea s\u0103 vin\u0103 \u00een sprijinul unor avertiz\u0103ri timpurii, cu acurate\u021be mai mare \u00een sprijinul colegilor care determin\u0103 prognoze legate de ap\u0103 \u0219i a\u0219a mai departe. M-a\u0219 bucura la anul c\u00e2nd ne vom \u00eent\u00e2lni, cine \u0219tie \u00een ce formul\u0103, s\u0103 putem s\u0103 discut\u0103m \u0219i despre modul \u00een care digitalizarea, Inteligen\u021ba Artificial\u0103, capacitatea de procesare mare, analiza Big data, cum spun speciali\u0219tii, \u0219i toate aceste lucruri extrem de actuale particip\u0103 la modul \u00een care colegii no\u0219tri \u00ee\u0219i fac datoria, cu mult\u0103 dedicare \u0219i cu mult\u0103 pasiune\u201d, a subliniat demnitarul.<\/p>\n<p>De asemenea, oficialul a ad\u0103ugat c\u0103, \u00een continuare, vor fi alocate bugete importante pentru domeniului hidro-meteorologic din Rom\u00e2nia.<\/p>\n<p>\u201eV\u0103 doresc ceea ce ne dorim cu to\u021bii: s\u0103 urmeze un nou an \u00een care s\u0103 avem pu\u021bine avertiz\u0103ri, \u00een care s\u0103 avem pu\u021bine probleme, \u00een care s\u0103 avem pu\u021bine recorduri, pentru c\u0103 ne-am \u00eenv\u0103\u021bat cu toate aceste recorduri &#8211; cel mai c\u0103lduros an, cea mai c\u0103lduroas\u0103 lun\u0103, cea mai c\u0103lduroas\u0103 diminea\u021b\u0103, cele mai multe Coduri ro\u0219ii \u0219i a\u0219a mai departe. Sper\u0103m s\u0103 nu avem parte de at\u00e2t de multe lucruri negative a\u0219a cum am avut \u00een trecut, dar nu \u0219tim niciodat\u0103 ce ne aduce ziua de m\u00e2ine, de\u0219i la meteo putem s\u0103 spunem m\u0103car pentru ziua de m\u00e2ine. Trebuie s\u0103 constat\u0103m c\u0103, inclusiv la nivel mondial, dac\u0103 ne uit\u0103m la ceea ce se \u00eent\u00e2mpl\u0103 acum \u00een Statele Unite \u0219i am v\u0103zut c\u0103 pre\u0219edintele nou-ales a discutat inclusiv despre finan\u021barea Agen\u021biei Federale de Meteorologie din Statele Unite, \u00een sensul \u00een care le-a mai t\u0103iat din finan\u021b\u0103ri. Ne propunem s\u0103 buget\u0103m \u00een continuare \u0219i s\u0103 aloc\u0103m resurse suficiente pentru acest domeniu. Bine\u00een\u021beles c\u0103 ne baz\u0103m pe toate finan\u021b\u0103rile externe, c\u0103 discut\u0103m despre PNRR sau de orice alte investi\u021bii\u201d, a transmis Mircea Fechet.<\/p>","protected":false},"excerpt":{"rendered":"<p>Dup\u0103 ce Rom\u00e2nia a avut parte de cea mai cald\u0103 lun\u0103 sau cel mai cald&hellip;<\/p>\n","protected":false},"author":0,"featured_media":42062,"comment_status":"open","ping_status":"open","sticky":false,"template":"","format":"standard","meta":{"footnotes":""},"categories":[2],"tags":[],"class_list":["post-42072","post","type-post","status-publish","format-standard","has-post-thumbnail","hentry","category-actual"],"_links":{"self":[{"href":"https:\/\/247stiri.ro\/index.php\/wp-json\/wp\/v2\/posts\/42072","targetHints":{"allow":["GET"]}}],"collection":[{"href":"https:\/\/247stiri.ro\/index.php\/wp-json\/wp\/v2\/posts"}],"about":[{"href":"https:\/\/247stiri.ro\/index.php\/wp-json\/wp\/v2\/types\/post"}],"replies":[{"embeddable":true,"href":"https:\/\/247stiri.ro\/index.php\/wp-json\/wp\/v2\/comments?post=42072"}],"version-history":[{"count":0,"href":"https:\/\/247stiri.ro\/index.php\/wp-json\/wp\/v2\/posts\/42072\/revisions"}],"wp:featuredmedia":[{"embeddable":true,"href":"https:\/\/247stiri.ro\/index.php\/wp-json\/wp\/v2\/media\/42062"}],"wp:attachment":[{"href":"https:\/\/247stiri.ro\/index.php\/wp-json\/wp\/v2\/media?parent=42072"}],"wp:term":[{"taxonomy":"category","embeddable":true,"href":"https:\/\/247stiri.ro\/index.php\/wp-json\/wp\/v2\/categories?post=42072"},{"taxonomy":"post_tag","embeddable":true,"href":"https:\/\/247stiri.ro\/index.php\/wp-json\/wp\/v2\/tags?post=42072"}],"curies":[{"name":"wp","href":"https:\/\/api.w.org\/{rel}","templated":true}]}}