{"id":42075,"date":"2025-03-24T11:45:06","date_gmt":"2025-03-24T11:45:06","guid":{"rendered":"https:\/\/247stiri.ro\/index.php\/2025\/03\/24\/ase-marcheaza-112-ani-de-excelenta-academica-in-educatie-si-cercetare\/"},"modified":"2025-03-24T11:45:06","modified_gmt":"2025-03-24T11:45:06","slug":"ase-marcheaza-112-ani-de-excelenta-academica-in-educatie-si-cercetare","status":"publish","type":"post","link":"https:\/\/247stiri.ro\/index.php\/2025\/03\/24\/ase-marcheaza-112-ani-de-excelenta-academica-in-educatie-si-cercetare\/","title":{"rendered":"ASE marcheaz\u0103 112 ani de excelen\u021b\u0103 academic\u0103 \u00een educa\u021bie \u0219i cercetare"},"content":{"rendered":"<p>S\u0103pt\u0103m\u00e2na aniversar\u0103, care se va desf\u0103\u0219ura \u00eentre 31 martie \u0219i 5 aprilie, va include o serie de evenimente speciale, at\u00e2t academice, c\u00e2t \u0219i culturale, anun\u021bate pe site-ul aniversar <a href=\"https:\/\/ase.ro\/aniversare-ase-112\" target=\"_blank\">www.ase.ro\/aniversare-ase-112<\/a> \u0219i pe pagina de Facebook.\u00a0<\/p>\n<p>Prin manifest\u0103rile desf\u0103\u0219urate \u00een aceast\u0103 perioad\u0103, se urm\u0103re\u0219te at\u00e2t celebrarea realiz\u0103rilor \u0219i progreselor recente ale institu\u021biei, c\u00e2t \u0219i omagierea trecutului, a celor care au contribuit la formarea \u0219i dezvoltarea sa. \u00cen acest sens, ca \u00een fiecare an, vor fi depuse coroane de flori la mormintele unor mari personalit\u0103\u021bi ale ASE, rectori, decani, profesori eminen\u021bi, \u0219i vor avea loc dou\u0103 lans\u0103ri de c\u0103r\u021bi, dedicate memoriei unor figuri emblematice ale institu\u021biei.<\/p>\n<p>Un moment important al acestei festivit\u0103\u021bi va fi Adunarea aniversar\u0103, organizat\u0103 \u00een data de 3 aprilie, \u00een cadrul c\u0103reia se vor acorda titluri \u0219i distinc\u021bii onorifice, \u00een numele universit\u0103\u021bii, unor personalit\u0103\u021bi care au contribuit esen\u021bial la realizarea viziunii, misiunii \u0219i obiectivelor strategice ale ASE.<\/p>\n<p>Preocup\u0103rile constante ale universit\u0103\u021bii noastre pentru cercetarea de \u00eenalt\u0103 calitate se reflect\u0103 \u00een programul aniversar prin derularea de evenimente \u0219tiin\u021bifice ale cadrelor didactice, organizate pe facult\u0103\u021bi, \u0219i a Sesiunii de comunic\u0103ri \u0219tiin\u021bifice anuale a studen\u021bilor, la care sunt \u00eenscri\u0219i peste 1250 de studen\u021bi, cu un num\u0103r total de circa 850 de lucr\u0103ri, sus\u021binute \u00een cadrul a 40 de sec\u021biuni.<\/p>\n<p>Fiecare sec\u021biune va acorda c\u00e2te trei premii (I, II \u0219i III) \u0219i patru men\u021biuni, \u00een valoare de 540 lei &#8211; premiul I, 430 lei &#8211; premiul II, 320 lei &#8211; premiul III \u0219i, respectiv, 270 lei pentru men\u021biune.<\/p>\n<p>Procesul de interna\u021bionalizare se afl\u0103 \u00een centrul strategiei academice a ASE, iar programul aniversar subliniaz\u0103 acest angajament prin organizarea unei mese rotunde dedicate provoc\u0103rilor interna\u021bionaliz\u0103rii &#8211; cadru propice pentru discu\u021bii aprofundate \u0219i schimburi de perspective.<\/p>\n<p>Parteneriatul ASE cu mediul preuniversitar este consolidat prin derularea concursului interdisciplinar \u201eElevii de ast\u0103zi, profesioni\u0219tii de m\u00e2ine\u201d, care ofer\u0103 elevilor posibilitatea de a se familiariza cu tematica domeniului economic \u0219i de a-\u0219i dezvolta abilit\u0103\u021bi antreprenoriale relevante. Organizat de ASE \u00een parteneriat cu Colegiul Economic \u201eA.D. Xenopol\u201d \u0219i Colegiul Na\u021bional de Informatic\u0103 \u201eTudor Vianu\u201d, ambele din Bucure\u0219ti, concursul, aflat la cea de-a XI-a edi\u021bie, va reuni peste 350 de elevi din capital\u0103 \u0219i din \u021bar\u0103 \u0219i se va desf\u0103\u0219ura pe parcursul \u00eentregii s\u0103pt\u0103m\u00e2ni aniversare.<\/p>\n<p>Programul manifest\u0103rilor include \u0219i conferin\u021be organizate \u00een colaborare cu antreprenori din sectorul public \u0219i privat, abord\u00e2nd teme de actualitate. Parteneriatele ASE cu aceste sectoare sunt esen\u021biale pentru consolidarea procesului educa\u021bional, facilit\u00e2nd dialogul \u0219i colaborarea \u00eentre mediul academic, institu\u021biile guvernamentale \u0219i sectorul de afaceri.<\/p>\n<p>Prin manifest\u0103rile culturale din cadrul s\u0103pt\u0103m\u00e2nii aniversare, ASE \u00eencurajeaz\u0103 creativitatea, g\u00e2ndirea critic\u0103 \u0219i expresivitatea artistic\u0103, oferind studen\u021bilor \u0219i cadrelor didactice ocazia de a se dezvolta \u0219i dincolo de \u00eenv\u0103\u021b\u0103tura teoretic\u0103.<\/p>\n<p>Evenimente precum prezentare de carte, \u00eempreun\u0103 cu un spectacol de mod\u0103, dou\u0103 vernisaje ale unor pictori din Republica Moldova \u0219i din Norvegia, \u00een cadrul Galeriei Cecilia Cu\u021bescu-Storck din ASE, care are o activitate permanent\u0103 din anul 2007, concerte ale forma\u021biilor studen\u021be\u0219ti \u0219i recitative, contribuie la completarea atmosferei aniversare, dar \u0219i la dezvoltarea unui necesar profil multivalent al studentului, viitorul absolvent ASE, la integrarea artelor \u00een spiritul vie\u021bii academice, promov\u00e2nd liantul dintre educa\u021bie \u0219i cultur\u0103.<\/p>\n<p>S\u0103pt\u0103m\u00e2na include manifest\u0103ri sportive ale studen\u021bilor \u0219i ale membrilor Clubului Sportiv Universitar al ASE, dar \u0219i organizarea unui curs de prim ajutor de baz\u0103, derulat \u00eempreun\u0103 cu Departamentul pentru Situa\u021bii de Urgen\u021b\u0103 \u0219i Funda\u021bia SMURD, cu scopul de a oferi cuno\u0219tin\u021be esen\u021biale membrilor comunit\u0103\u021bii pentru interven\u021biile \u00een situa\u021bii de urgen\u021b\u0103.<\/p>\n<p>Cu o tradi\u021bie de 112 ani, Academia de Studii Economice din Bucure\u0219ti este o universitate dinamic\u0103, \u00eentr-o adaptare permanent\u0103 la cerin\u021bele economiei de pia\u021b\u0103, \u00een str\u00e2ns\u0103 leg\u0103tur\u0103 cu cerin\u021bele mediului de afaceri, oferind mereu noi oportunit\u0103\u021bi celor aproximativ 25 000 de studen\u021bi ai s\u0103i.<\/p>\n<p>\u00a0<\/p>","protected":false},"excerpt":{"rendered":"<p>S\u0103pt\u0103m\u00e2na aniversar\u0103, care se va desf\u0103\u0219ura \u00eentre 31 martie \u0219i 5 aprilie, va include o&hellip;<\/p>\n","protected":false},"author":0,"featured_media":42076,"comment_status":"open","ping_status":"open","sticky":false,"template":"","format":"standard","meta":{"footnotes":""},"categories":[2],"tags":[],"class_list":["post-42075","post","type-post","status-publish","format-standard","has-post-thumbnail","hentry","category-actual"],"_links":{"self":[{"href":"https:\/\/247stiri.ro\/index.php\/wp-json\/wp\/v2\/posts\/42075","targetHints":{"allow":["GET"]}}],"collection":[{"href":"https:\/\/247stiri.ro\/index.php\/wp-json\/wp\/v2\/posts"}],"about":[{"href":"https:\/\/247stiri.ro\/index.php\/wp-json\/wp\/v2\/types\/post"}],"replies":[{"embeddable":true,"href":"https:\/\/247stiri.ro\/index.php\/wp-json\/wp\/v2\/comments?post=42075"}],"version-history":[{"count":0,"href":"https:\/\/247stiri.ro\/index.php\/wp-json\/wp\/v2\/posts\/42075\/revisions"}],"wp:featuredmedia":[{"embeddable":true,"href":"https:\/\/247stiri.ro\/index.php\/wp-json\/wp\/v2\/media\/42076"}],"wp:attachment":[{"href":"https:\/\/247stiri.ro\/index.php\/wp-json\/wp\/v2\/media?parent=42075"}],"wp:term":[{"taxonomy":"category","embeddable":true,"href":"https:\/\/247stiri.ro\/index.php\/wp-json\/wp\/v2\/categories?post=42075"},{"taxonomy":"post_tag","embeddable":true,"href":"https:\/\/247stiri.ro\/index.php\/wp-json\/wp\/v2\/tags?post=42075"}],"curies":[{"name":"wp","href":"https:\/\/api.w.org\/{rel}","templated":true}]}}