{"id":42082,"date":"2025-03-24T12:45:23","date_gmt":"2025-03-24T12:45:23","guid":{"rendered":"https:\/\/247stiri.ro\/index.php\/2025\/03\/24\/o-delegatie-nato-ajunge-la-chisinau-discutii-cruciale-cu-maia-sandu-dar-si-cu-ministrii-si-parlamentari-din-republica-moldova\/"},"modified":"2025-03-24T12:45:23","modified_gmt":"2025-03-24T12:45:23","slug":"o-delegatie-nato-ajunge-la-chisinau-discutii-cruciale-cu-maia-sandu-dar-si-cu-ministrii-si-parlamentari-din-republica-moldova","status":"publish","type":"post","link":"https:\/\/247stiri.ro\/index.php\/2025\/03\/24\/o-delegatie-nato-ajunge-la-chisinau-discutii-cruciale-cu-maia-sandu-dar-si-cu-ministrii-si-parlamentari-din-republica-moldova\/","title":{"rendered":"O delega\u021bie NATO ajunge la Chi\u0219in\u0103u. Discu\u021bii cruciale cu Maia Sandu, dar \u0219i cu mini\u0219trii \u0219i parlamentari din Republica Moldova"},"content":{"rendered":"<p>O delega\u0163ie a Adun\u0103rii Parlamentare (AP) a NATO, inclusiv cu membri ai subcomitetului din domeniul consolid\u0103rii capacit\u0103\u0163ilor de ap\u0103rare, va efectua o vizit\u0103 de studiu \u00een Republica Moldova luni \u015fi mar\u0163i, iar reprezentan\u0163ii Alian\u0163ei se vor \u00eent\u00e2lni cu conducerea Parlamentului, precum \u015fi cu pre\u015fedinta Maia Sandu, cu unii mini\u015ftri \u015fi cu viceprim-ministrul pentru reintegrare Oleg Serebrian.<\/p>\n<p>\u00cen Parlament, reprezentan\u0163ii NATO se vor \u00eent\u00e2lni cu pre\u015fedintele Parlamentului, Igor Grosu, \u015fi cu pre\u015fedintele Comisiei pentru securitate na\u0163ional\u0103, \u015feful delega\u0163iei parlamentare moldovene\u015fti la AP NATO, Lilian Carp.<\/p>\n<p>Pe parcursul vizitei de studiu, delega\u0163ia AP NATO va mai avea \u00eentrevederi cu pre\u015fedintele Maia Sandu, cu ministrul de externe Mihai Pop\u015foi, cu viceprim-ministrul pentru reintegrare, Oleg Serebrian, cu ministrul ap\u0103r\u0103rii, Anatol Nosat\u00eei, \u015fi cu ministrul energiei, Dorin Junghietu.<\/p>\n<p>Totodat\u0103, ace\u015ftia vor participa la o dezbatere public\u0103 privind cooperarea Republicii Moldova cu NATO. La eveniment vor participa reprezentan\u0163i ai societ\u0103\u0163ii civile \u015fi ai cercurilor academice.<\/p>\n<p>\u00cen luna ianuarie, Guvernul Republicii Moldova a aprobat un nou plan de cooperare cu NATO pentru perioada 2025-2028. Acesta prevede consolidarea securit\u0103\u0163ii cet\u0103\u0163enilor \u015fi preg\u0103tirea \u0163\u0103rii pentru provoc\u0103rile moderne. Prin intermediul programului, autorit\u0103\u0163ile vor educa popula\u0163ia cu privire la beneficiile cooper\u0103rii cu NATO, astfel \u00eenc\u00e2t cet\u0103\u0163enii s\u0103 \u00een\u0163eleag\u0103 cum acest parteneriat contribuie la securitatea lor de zi cu zi.<\/p>\n<p>Moscova critic\u0103 apropierea Chi\u015fin\u0103ului de NATO \u015fi, de\u015fi neutralitatea \u0163\u0103rii este \u00eenscris\u0103 \u00een Constitu\u0163ie, acuz\u0103 \u015fi amenin\u0163\u0103 conducerea prooccidental\u0103 de la Chi\u015fin\u0103u c\u0103, precum Ucraina, urm\u0103re\u015fte s\u0103 intre sub umbrela NATO.\u00a0<\/p>","protected":false},"excerpt":{"rendered":"<p>O delega\u0163ie a Adun\u0103rii Parlamentare (AP) a NATO, inclusiv cu membri ai subcomitetului din domeniul&hellip;<\/p>\n","protected":false},"author":0,"featured_media":42083,"comment_status":"open","ping_status":"open","sticky":false,"template":"","format":"standard","meta":{"footnotes":""},"categories":[4],"tags":[],"class_list":["post-42082","post","type-post","status-publish","format-standard","has-post-thumbnail","hentry","category-extern"],"_links":{"self":[{"href":"https:\/\/247stiri.ro\/index.php\/wp-json\/wp\/v2\/posts\/42082","targetHints":{"allow":["GET"]}}],"collection":[{"href":"https:\/\/247stiri.ro\/index.php\/wp-json\/wp\/v2\/posts"}],"about":[{"href":"https:\/\/247stiri.ro\/index.php\/wp-json\/wp\/v2\/types\/post"}],"replies":[{"embeddable":true,"href":"https:\/\/247stiri.ro\/index.php\/wp-json\/wp\/v2\/comments?post=42082"}],"version-history":[{"count":0,"href":"https:\/\/247stiri.ro\/index.php\/wp-json\/wp\/v2\/posts\/42082\/revisions"}],"wp:featuredmedia":[{"embeddable":true,"href":"https:\/\/247stiri.ro\/index.php\/wp-json\/wp\/v2\/media\/42083"}],"wp:attachment":[{"href":"https:\/\/247stiri.ro\/index.php\/wp-json\/wp\/v2\/media?parent=42082"}],"wp:term":[{"taxonomy":"category","embeddable":true,"href":"https:\/\/247stiri.ro\/index.php\/wp-json\/wp\/v2\/categories?post=42082"},{"taxonomy":"post_tag","embeddable":true,"href":"https:\/\/247stiri.ro\/index.php\/wp-json\/wp\/v2\/tags?post=42082"}],"curies":[{"name":"wp","href":"https:\/\/api.w.org\/{rel}","templated":true}]}}