{"id":42086,"date":"2025-03-24T12:45:26","date_gmt":"2025-03-24T12:45:26","guid":{"rendered":"https:\/\/247stiri.ro\/index.php\/2025\/03\/24\/nicusor-dan-isi-face-campanie-din-banii-bucurestenilor-a-transformat-primaria-capitalei-in-agentia-sa-de-pr\/"},"modified":"2025-03-24T12:45:26","modified_gmt":"2025-03-24T12:45:26","slug":"nicusor-dan-isi-face-campanie-din-banii-bucurestenilor-a-transformat-primaria-capitalei-in-agentia-sa-de-pr","status":"publish","type":"post","link":"https:\/\/247stiri.ro\/index.php\/2025\/03\/24\/nicusor-dan-isi-face-campanie-din-banii-bucurestenilor-a-transformat-primaria-capitalei-in-agentia-sa-de-pr\/","title":{"rendered":"Nicu\u0219or Dan \u00ee\u0219i face campanie din banii bucure\u0219tenilor. A transformat Prim\u0103ria Capitalei \u00een agen\u021bia sa de PR"},"content":{"rendered":"<p>Imaginea lui <a href=\"https:\/\/www.realitatea.net\/stiri\/politica\/cum-sa-deconspirat-singur-nicusor-dan-ce-legaturi-are-cu-miliardarul-george-soros-si-cati-bani-a-primit-de-la-fundatie_67e1012e04f6ee4deb3ec114#google_vignette\" target=\"_blank\">Nicu\u0219or Dan <\/a>se construie\u0219te cu sume uriase de bani \u0219i ce este cel mai important e c\u0103 vorbim de bani publici.<\/p>\n<p>Dintr-o analiz\u0103 a jurnalistei Sorina Matei, afl\u0103m c\u0103 65 de oameni se ocup\u0103 numai de pres\u0103 \u0219i PR \u00een Prim\u0103ria Capitalei, inclusiv analiz\u0103 social media.<\/p>\n<p>Ace\u0219tia suni \u00eemp\u0103r\u021bi\u021bi \u00een trei directii aflate \u00een subordinea lui Nicusor Dan. Evident, c\u0103 aceste Direc\u021bii \u0219i Servicii au \u0219i 7 \u0219efi.\u00cen 2023, Nicu\u0219or Dan a vrut s\u0103 m\u0103reasc\u0103 num\u0103rul oamenilor care \u00eei fac PR pe bani publici la 74 de persoane, dar nu a primit aprobare.\u00a0<\/p>\n<p>Tot ce vede\u021bi este bani publici \u0219i este total separat de staff-ul de campanie la Pre\u0219edin\u021bie.\u00a0<\/p>\n<p>Potrivit declara\u021biilor, doar \u00een TikTok edilul general bag\u0103 15.000 de euro pe lun\u0103, ca s\u0103 influen\u021beze voturile oamenilor.<\/p>\n<p>Foarte interesant e ca \u00een ciuda acestei armate, to\u021bi primarii se pl\u00e2ng c\u0103 nu se poate comunica cu Nicu\u0219or Dan.<\/p>\n<p>Cu alte cuvinte, armata de PR pe bani publici nu se ocup\u0103 de comunicare &#8211; se ocup\u0103 de PR-ul Primarului General, chiar \u0219i \u00een prezent disp\u0103rut de la Prim\u0103rie, cu Bucure\u0219tiul vrai\u0219te \u0219i \u00een frig, pentru c\u0103 el este plecat \u00een campanie la Pre\u0219edin\u021bie.\u00a0<\/p>","protected":false},"excerpt":{"rendered":"<p>Imaginea lui Nicu\u0219or Dan se construie\u0219te cu sume uriase de bani \u0219i ce este cel&hellip;<\/p>\n","protected":false},"author":0,"featured_media":42085,"comment_status":"open","ping_status":"open","sticky":false,"template":"","format":"standard","meta":{"footnotes":""},"categories":[2],"tags":[],"class_list":["post-42086","post","type-post","status-publish","format-standard","has-post-thumbnail","hentry","category-actual"],"_links":{"self":[{"href":"https:\/\/247stiri.ro\/index.php\/wp-json\/wp\/v2\/posts\/42086","targetHints":{"allow":["GET"]}}],"collection":[{"href":"https:\/\/247stiri.ro\/index.php\/wp-json\/wp\/v2\/posts"}],"about":[{"href":"https:\/\/247stiri.ro\/index.php\/wp-json\/wp\/v2\/types\/post"}],"replies":[{"embeddable":true,"href":"https:\/\/247stiri.ro\/index.php\/wp-json\/wp\/v2\/comments?post=42086"}],"version-history":[{"count":0,"href":"https:\/\/247stiri.ro\/index.php\/wp-json\/wp\/v2\/posts\/42086\/revisions"}],"wp:featuredmedia":[{"embeddable":true,"href":"https:\/\/247stiri.ro\/index.php\/wp-json\/wp\/v2\/media\/42085"}],"wp:attachment":[{"href":"https:\/\/247stiri.ro\/index.php\/wp-json\/wp\/v2\/media?parent=42086"}],"wp:term":[{"taxonomy":"category","embeddable":true,"href":"https:\/\/247stiri.ro\/index.php\/wp-json\/wp\/v2\/categories?post=42086"},{"taxonomy":"post_tag","embeddable":true,"href":"https:\/\/247stiri.ro\/index.php\/wp-json\/wp\/v2\/tags?post=42086"}],"curies":[{"name":"wp","href":"https:\/\/api.w.org\/{rel}","templated":true}]}}