{"id":42087,"date":"2025-03-24T12:45:26","date_gmt":"2025-03-24T12:45:26","guid":{"rendered":"https:\/\/247stiri.ro\/index.php\/2025\/03\/24\/vecinii-romaniei-pregatesc-o-mare-alianta-militara-independenta-de-nato\/"},"modified":"2025-03-24T12:45:26","modified_gmt":"2025-03-24T12:45:26","slug":"vecinii-romaniei-pregatesc-o-mare-alianta-militara-independenta-de-nato","status":"publish","type":"post","link":"https:\/\/247stiri.ro\/index.php\/2025\/03\/24\/vecinii-romaniei-pregatesc-o-mare-alianta-militara-independenta-de-nato\/","title":{"rendered":"Vecinii Rom\u00e2niei preg\u0103tesc o mare alian\u021b\u0103 militar\u0103, independent\u0103 de NATO"},"content":{"rendered":"<p>Serbia, aflat\u0103 \u00een mijlocul unor proteste reprimate cu ajutorul serviciilor ruse\u0219ti, preg\u0103te\u0219te semnarea unei alian\u021bei militare cu Ungaria, cealalt\u0103 \u021bar\u0103 cu un regim pro-Putin. Informa\u021bia a fost dezv\u0103luit\u0103 de un post de radio apropiat autorit\u0103\u021bilor de la Belgrad \u0219i pare s\u0103 fie deja confirmat\u0103 \u0219i de pre\u0219edintele s\u00e2rb Aleksandar Vucic.<\/p>\n<p>Premierul ungar Viktor Orban \u0219i pre\u0219edintele s\u00e2rb ar fi \u00eenceput deja discu\u021biile despre o alian\u021b\u0103 militar\u0103. Cele mai importante voci ale lui Putin \u00een Europa, Belgradul \u0219i Budapesta au deja colabor\u0103ri str\u00e2nse \u00een mai multe domenii.<\/p>\n<p>Anun\u021bul c\u0103 Serbia \u0219i Ungaria vor forma o alian\u021b\u0103 militar\u0103 vine \u00een contextul \u00een care Albania, Kosovo \u0219i Croa\u021bia au semnat recent un memorandum trilateral \u00een domeniul ap\u0103r\u0103rii, noteaz\u0103 postul radio s\u00e2rb <a href=\"https:\/\/www.b92.net\/english\/politics\/113709\/a-military-alliance-between-serbia-and-hungary-is-being-prepared\/vest\" target=\"_blank\">b92.net<\/a>.<\/p>\n<p>Pre\u0219edintele s\u00e2rb Aleksandar Vucic a reac\u021bionat negativ la memorandumul trilateral, sus\u021bin\u00e2nd c\u0103 acesta \u00eencalc\u0103 unele acorduri militare regionale.<\/p>\n<p>Informa\u021bia a fost confirmat\u0103 indirect \u0219i de ministrul s\u00e2rb al Afacerilor Externe, Marko Djuric, care a spus c\u0103 Serbia este \u00eentotdeauna deschis\u0103 unei colabor\u0103ri militare cu Ungaria.<\/p>","protected":false},"excerpt":{"rendered":"<p>Serbia, aflat\u0103 \u00een mijlocul unor proteste reprimate cu ajutorul serviciilor ruse\u0219ti, preg\u0103te\u0219te semnarea unei alian\u021bei&hellip;<\/p>\n","protected":false},"author":0,"featured_media":42081,"comment_status":"open","ping_status":"open","sticky":false,"template":"","format":"standard","meta":{"footnotes":""},"categories":[2],"tags":[],"class_list":["post-42087","post","type-post","status-publish","format-standard","has-post-thumbnail","hentry","category-actual"],"_links":{"self":[{"href":"https:\/\/247stiri.ro\/index.php\/wp-json\/wp\/v2\/posts\/42087","targetHints":{"allow":["GET"]}}],"collection":[{"href":"https:\/\/247stiri.ro\/index.php\/wp-json\/wp\/v2\/posts"}],"about":[{"href":"https:\/\/247stiri.ro\/index.php\/wp-json\/wp\/v2\/types\/post"}],"replies":[{"embeddable":true,"href":"https:\/\/247stiri.ro\/index.php\/wp-json\/wp\/v2\/comments?post=42087"}],"version-history":[{"count":0,"href":"https:\/\/247stiri.ro\/index.php\/wp-json\/wp\/v2\/posts\/42087\/revisions"}],"wp:featuredmedia":[{"embeddable":true,"href":"https:\/\/247stiri.ro\/index.php\/wp-json\/wp\/v2\/media\/42081"}],"wp:attachment":[{"href":"https:\/\/247stiri.ro\/index.php\/wp-json\/wp\/v2\/media?parent=42087"}],"wp:term":[{"taxonomy":"category","embeddable":true,"href":"https:\/\/247stiri.ro\/index.php\/wp-json\/wp\/v2\/categories?post=42087"},{"taxonomy":"post_tag","embeddable":true,"href":"https:\/\/247stiri.ro\/index.php\/wp-json\/wp\/v2\/tags?post=42087"}],"curies":[{"name":"wp","href":"https:\/\/api.w.org\/{rel}","templated":true}]}}