{"id":42096,"date":"2025-03-24T13:44:49","date_gmt":"2025-03-24T13:44:49","guid":{"rendered":"https:\/\/247stiri.ro\/index.php\/2025\/03\/24\/ana-maria-pacuraru-germania-se-inarmeaza-din-banii-de-la-pensii\/"},"modified":"2025-03-24T13:44:49","modified_gmt":"2025-03-24T13:44:49","slug":"ana-maria-pacuraru-germania-se-inarmeaza-din-banii-de-la-pensii","status":"publish","type":"post","link":"https:\/\/247stiri.ro\/index.php\/2025\/03\/24\/ana-maria-pacuraru-germania-se-inarmeaza-din-banii-de-la-pensii\/","title":{"rendered":"Ana Maria P\u0103curaru: Germania se \u00eenarmeaz\u0103 din banii de la pensii"},"content":{"rendered":"<p><a href=\"https:\/\/www.realitatea.net\/stiri\/extern\/seful-fortelor-armate-germane-avertizeaza-referitor-la-amenintarea-unui-mare-razboi-putin-planuieste-multe-pentru-occident_67e10a7b2eaa8950b8698472\" target=\"_blank\">Germania<\/a> se preg\u0103te\u0219te pentru o reform\u0103 economic\u0103 major\u0103, \u00een contextul unui deficit bugetar uria\u0219, sub conducerea noii coali\u021bii guvernamentale a lui Friedrich Merz, CDU.\u00a0<\/p>\n<p>M\u0103surile ini\u021biale vizeaz\u0103 reducerea cheltuielilor sociale, inclusiv \u00een sectoarele pensiilor, ajutoarelor sociale \u0219i subven\u021biilor pentru energie.\u00a0<\/p>\n<p>Guvernul a ob\u021binut aprobarea Bundestag-ului pentru un fond special de 500 de miliarde de euro, destinat ap\u0103r\u0103rii \u0219i investi\u021biilor strategice, dar aceste fonduri nu pot fi folosite pentru cheltuieli curente.\u00a0<\/p>\n<p>Deficitul bugetar r\u0103m\u00e2ne semnificativ, iar pentru a-l acoperi vor fi necesare m\u0103suri de austeritate.\u00a0<\/p>\n<p>Un subiect delicat este sistemul de pensii, iar liderul CDU, Merz, a evitat s\u0103 garnateze men\u021binerea actualelor procente, subliniind necesitatea unor m\u0103suri sustenabile financiare.\u00a0<\/p>\n<p>\u00cen plus, temele de s\u0103n\u0103tate \u0219i \u00eengrijire a v\u00e2rstnicilor vor fi, de asemenea, afectate de reforme, av\u00e2nd \u00een vedere costurile \u00een cre\u0219tere.\u00a0<\/p>","protected":false},"excerpt":{"rendered":"<p>Germania se preg\u0103te\u0219te pentru o reform\u0103 economic\u0103 major\u0103, \u00een contextul unui deficit bugetar uria\u0219, sub&hellip;<\/p>\n","protected":false},"author":0,"featured_media":42097,"comment_status":"open","ping_status":"open","sticky":false,"template":"","format":"standard","meta":{"footnotes":""},"categories":[4],"tags":[],"class_list":["post-42096","post","type-post","status-publish","format-standard","has-post-thumbnail","hentry","category-extern"],"_links":{"self":[{"href":"https:\/\/247stiri.ro\/index.php\/wp-json\/wp\/v2\/posts\/42096","targetHints":{"allow":["GET"]}}],"collection":[{"href":"https:\/\/247stiri.ro\/index.php\/wp-json\/wp\/v2\/posts"}],"about":[{"href":"https:\/\/247stiri.ro\/index.php\/wp-json\/wp\/v2\/types\/post"}],"replies":[{"embeddable":true,"href":"https:\/\/247stiri.ro\/index.php\/wp-json\/wp\/v2\/comments?post=42096"}],"version-history":[{"count":0,"href":"https:\/\/247stiri.ro\/index.php\/wp-json\/wp\/v2\/posts\/42096\/revisions"}],"wp:featuredmedia":[{"embeddable":true,"href":"https:\/\/247stiri.ro\/index.php\/wp-json\/wp\/v2\/media\/42097"}],"wp:attachment":[{"href":"https:\/\/247stiri.ro\/index.php\/wp-json\/wp\/v2\/media?parent=42096"}],"wp:term":[{"taxonomy":"category","embeddable":true,"href":"https:\/\/247stiri.ro\/index.php\/wp-json\/wp\/v2\/categories?post=42096"},{"taxonomy":"post_tag","embeddable":true,"href":"https:\/\/247stiri.ro\/index.php\/wp-json\/wp\/v2\/tags?post=42096"}],"curies":[{"name":"wp","href":"https:\/\/api.w.org\/{rel}","templated":true}]}}