{"id":42102,"date":"2025-03-24T13:44:52","date_gmt":"2025-03-24T13:44:52","guid":{"rendered":"https:\/\/247stiri.ro\/index.php\/2025\/03\/24\/aur-vrea-sa-limiteze-drepturile-ccr-privind-alegerile-modificarile-avute-in-vedere\/"},"modified":"2025-03-24T13:44:52","modified_gmt":"2025-03-24T13:44:52","slug":"aur-vrea-sa-limiteze-drepturile-ccr-privind-alegerile-modificarile-avute-in-vedere","status":"publish","type":"post","link":"https:\/\/247stiri.ro\/index.php\/2025\/03\/24\/aur-vrea-sa-limiteze-drepturile-ccr-privind-alegerile-modificarile-avute-in-vedere\/","title":{"rendered":"AUR vrea s\u0103 LIMITEZE drepturile CCR privind alegerile! Modific\u0103rile avute \u00een vedere"},"content":{"rendered":"<p>&#8222;De aceea este at\u00e2t de important anul acesta s\u0103 mergem cu to\u021bii la vot. E at\u00e2t de important s\u0103 \u00een\u021belegem c\u0103 partidul AUR a fost la doar 5 procente de a c\u00e2\u0219tiga alegerile anul trecut \u0219i dac\u0103 am fi fost partidul principal \u0219i partidul de guvern\u0103m\u00e2nt ar fi fost mult mai u\u0219or s\u0103 oper\u0103m&#8221;, a declarat luni, Mihail Neam\u021bu, \u00eentr-o interven\u021bie \u00een cadrul emisiunii &#8222;Raport de zi&#8221; de la Realitatea PLUS.Referitor la atribu\u021biile care ar trebui modificate, reprezentantul AUR a ar\u0103tat c\u0103, \u00een primul r\u00e2nd, &#8222;trebuie s\u0103 ascult\u0103m de recomand\u0103rile Comisiei de la Vene\u021bia&#8221;.&#8221;Dac\u0103 tot ne consider\u0103m o \u021bar\u0103 european\u0103 \u0219i dac\u0103 tot primim lec\u021bii de pro-europenism\u00a0din partea unor \u0219i a altor, hai s\u0103 ascult\u0103m de ceea ce spun profesorii, speciali\u0219tii exper\u021bii \u00een drept constitu\u021bional ai Cur\u021bii de la Vene\u021bia \u0219i ceea ce ei spun este c\u0103 u\u0219urin\u021ba sau chiar u\u0219ur\u0103tatea cu care CCR a anulat ni\u0219te alegeri pe baza unor alega\u021bii, nicidecum pe baza unor probe, aceast\u0103 chestiune nu se mai poate petrece sau nu se mai poate \u00eent\u00e2mpla vreodat\u0103&#8221;, a ar\u0103tat Neam\u021bu.Potrivit acestuia, AUR consider\u0103 c\u0103 membrii CCR nu mai pot s\u0103 fie politiza\u021bi, nu mai pot s\u0103 vin\u0103 din s\u00e2nul unor partide-sistem.&#8221;Trebuie s\u0103 existe \u0219i o verificare de ordin academic a competen\u021belor profesionale \u0219i, nu \u00een ultimul r\u00e2nd, trebuie s\u0103 existe \u0219i o implicare a poporului direct\u0103 \u00een aceast\u0103 selec\u021bie. Trebuie s\u0103 existe reprezentan\u021bi ai poporului \u00een aceast\u0103 Curte Constitu\u021bional\u0103&#8221;, a mai spus membrul AUR.<\/p>\n<p>&#8222;Aceast\u0103 Curte Constitu\u021bional\u0103 care a devenit stat \u00een stat nu mai poate s\u0103 fie o institu\u021bie abuziv\u0103&#8221;, a subliniat parlamentarul.\u00a0<\/p>","protected":false},"excerpt":{"rendered":"<p>&#8222;De aceea este at\u00e2t de important anul acesta s\u0103 mergem cu to\u021bii la vot. E&hellip;<\/p>\n","protected":false},"author":0,"featured_media":42103,"comment_status":"open","ping_status":"open","sticky":false,"template":"","format":"standard","meta":{"footnotes":""},"categories":[3],"tags":[],"class_list":["post-42102","post","type-post","status-publish","format-standard","has-post-thumbnail","hentry","category-politica"],"_links":{"self":[{"href":"https:\/\/247stiri.ro\/index.php\/wp-json\/wp\/v2\/posts\/42102","targetHints":{"allow":["GET"]}}],"collection":[{"href":"https:\/\/247stiri.ro\/index.php\/wp-json\/wp\/v2\/posts"}],"about":[{"href":"https:\/\/247stiri.ro\/index.php\/wp-json\/wp\/v2\/types\/post"}],"replies":[{"embeddable":true,"href":"https:\/\/247stiri.ro\/index.php\/wp-json\/wp\/v2\/comments?post=42102"}],"version-history":[{"count":0,"href":"https:\/\/247stiri.ro\/index.php\/wp-json\/wp\/v2\/posts\/42102\/revisions"}],"wp:featuredmedia":[{"embeddable":true,"href":"https:\/\/247stiri.ro\/index.php\/wp-json\/wp\/v2\/media\/42103"}],"wp:attachment":[{"href":"https:\/\/247stiri.ro\/index.php\/wp-json\/wp\/v2\/media?parent=42102"}],"wp:term":[{"taxonomy":"category","embeddable":true,"href":"https:\/\/247stiri.ro\/index.php\/wp-json\/wp\/v2\/categories?post=42102"},{"taxonomy":"post_tag","embeddable":true,"href":"https:\/\/247stiri.ro\/index.php\/wp-json\/wp\/v2\/tags?post=42102"}],"curies":[{"name":"wp","href":"https:\/\/api.w.org\/{rel}","templated":true}]}}