{"id":42104,"date":"2025-03-24T13:44:53","date_gmt":"2025-03-24T13:44:53","guid":{"rendered":"https:\/\/247stiri.ro\/index.php\/2025\/03\/24\/regulile-de-aur-pe-care-trebuie-sa-le-respecti-in-postul-pastelui-parintele-pimen-vlad-dupa-postul-de-mancare-e-postul-limbii\/"},"modified":"2025-03-24T13:44:53","modified_gmt":"2025-03-24T13:44:53","slug":"regulile-de-aur-pe-care-trebuie-sa-le-respecti-in-postul-pastelui-parintele-pimen-vlad-dupa-postul-de-mancare-e-postul-limbii","status":"publish","type":"post","link":"https:\/\/247stiri.ro\/index.php\/2025\/03\/24\/regulile-de-aur-pe-care-trebuie-sa-le-respecti-in-postul-pastelui-parintele-pimen-vlad-dupa-postul-de-mancare-e-postul-limbii\/","title":{"rendered":"Regulile de aur pe care trebuie s\u0103 le respec\u021bi \u00een Postul Pa\u0219telui. P\u0103rintele Pimen Vlad: \u201dDup\u0103 postul de m\u00e2ncare e postul limbii\u201d"},"content":{"rendered":"<p>\u00cen urm\u0103 cu ceva timp, cunoscutul c\u0103lug\u0103r rom\u00e2n din Muntele Athos a vorbit despre gre\u0219elile pe care credincio\u0219ii nu ar trebui s\u0103 le fac\u0103 \u00een <a href=\"https:\/\/www.realitatea.net\/stiri\/actual\/alimentul-pe-care-trebuie-sa-le-eviti-in-postul-pastelui-semnalul-de-alarma-tras-de-mihaela-bilic_67e114f719f92f320d776ca2\" target=\"_blank\">Postul Pa\u0219telu<\/a>i \u0219i a dezv\u0103luit regulile de aur pe care ei trebuie s\u0103 le respecte.<\/p>\n<p>\u201eFiecare om care zice c\u0103 nu poate, se minte pe el \u00eensu\u0219i. De ce dac\u0103 te duci la doctor \u0219i-\u021bi spune c\u0103 trebuie s\u0103 m\u0103n\u00e2nci asta \u0219i asta po\u021bi? Deodat\u0103 po\u021bi renun\u021ba la carne, dar p\u00e2n\u0103 atunci nu po\u021bi. De asta eu zic: s\u0103 nu v\u0103 dea Dumnezeu c\u00e2t pute\u021bi duce, c\u0103 a\u021bi \u00eencurcat-o. S-a probat pe oameni, vedem \u00een \u00eenchisori, pe timpul comunismului, li se d\u0103dea o bucat\u0103 de p\u00e2ine, un col\u021b de m\u0103lai, 3 zile f\u0103r\u0103 m\u00e2ncare \u0219i au tr\u0103it ani de zile, c\u00e2t poate s\u0103 duc\u0103 omul. Dumnezeu \u00eei d\u0103 foarte mult\u0103 putere. C\u00e2nd e b\u0103tr\u00e2n, duhovnicul \u00eei d\u0103 voie s\u0103 m\u0103n\u00e2nce pu\u021bin\u0103 br\u00e2nz\u0103, lapte, dar c\u00e2nd e\u0219ti s\u0103n\u0103tos, nu ai motiv\u201d, a declarat p\u0103rintele Pimen, \u00een cadrul unui podcast.\u00a0<\/p>\n<p>De asemenea, celebrul duhovnic a mai spusn c\u0103 nu ar trebui s\u0103 ne ridic\u0103m niciodat\u0103 de la mas\u0103 s\u0103tui, nici m\u0103car atunci c\u00e2nd nu este post.<\/p>\n<p>\u201eAlt lucru, postul nu este limitat doar c\u0103 nu m\u0103n\u00e2nc, s\u0103 avem \u0219i m\u0103sur\u0103 la ce m\u00e2nc\u0103m, iar asta e medical, chiar doctorul Leon D\u0103n\u0103il\u0103 spunea c\u0103 omul dac\u0103 vrea s\u0103 fie s\u0103n\u0103tos s\u0103 m\u0103n\u00e2nce doar 70%, 30% s\u0103 fie stomacul gol, reduci m\u00e2ncarea, tragi linie. Pui mai pu\u021bin \u00een farfurie, asta te ajut\u0103 s\u0103 fii mai u\u0219or, s\u0103 fii mai liber. Dup\u0103 postul de m\u00e2ncare e postul limbii, s\u0103 te rogi mai mult, prin t\u0103cere nu gre\u0219e\u0219ti, putem face mult r\u0103u, de aceea trebuie s\u0103 reducem \u0219i vorbitul\u201d, a mai spus duhovnicul.<\/p>\n<p>\u00cen plus, c\u0103lug\u0103rul athonit a men\u021bionat c\u0103 postul alimentar trebuie \u00eenso\u021bit de fapte bune \u0219i rug\u0103ciuni.<\/p>\n<p>\u201eDup\u0103 aceea, s\u0103 facem c\u00e2t putem \u0219i bine, ca s\u0103 fie postul complet, \u00een fiecare zi s\u0103 aju\u021bi pe cineva s\u0103 faci ceva, iar atunci acest lucru se duce la Dumnezeu. Noi vedem, reduci m\u00e2ncare, se limpeze\u0219te mintea, e s\u0103n\u0103tate curat\u0103. Dac\u0103 \u00eei spui unei doamne s\u0103 \u021bin\u0103 post zice c\u0103 nu poate, dac\u0103 \u00eei zic c\u0103 e plinu\u021b\u0103, \u021bine toat\u0103 s\u0103pt\u0103m\u00e2na ca s\u0103 dea kilogramele jos, dar pentru post nu se poate.<\/p>\n<p>Cea care pleac\u0103 din inim\u0103 (n.r. e cea mai puternic\u0103 rug\u0103ciune), nu la to\u021bi li se potrive\u0219te aceea\u0219i rug\u0103ciune. M\u00e2ntuitorul ne-a dat o rug\u0103ciune simpl\u0103, \u201eTat\u0103l Nostru\u201d, po\u021bi s\u0103 zici simplu \u201eDoamne Iisuse miluie\u0219te-m\u0103\u201d, cele scurte pot fi spuse pe drum. Trebuie spuse din toat\u0103 inima\u201d, a continuat acesta.<\/p>","protected":false},"excerpt":{"rendered":"<p>\u00cen urm\u0103 cu ceva timp, cunoscutul c\u0103lug\u0103r rom\u00e2n din Muntele Athos a vorbit despre gre\u0219elile&hellip;<\/p>\n","protected":false},"author":0,"featured_media":42093,"comment_status":"open","ping_status":"open","sticky":false,"template":"","format":"standard","meta":{"footnotes":""},"categories":[2],"tags":[],"class_list":["post-42104","post","type-post","status-publish","format-standard","has-post-thumbnail","hentry","category-actual"],"_links":{"self":[{"href":"https:\/\/247stiri.ro\/index.php\/wp-json\/wp\/v2\/posts\/42104","targetHints":{"allow":["GET"]}}],"collection":[{"href":"https:\/\/247stiri.ro\/index.php\/wp-json\/wp\/v2\/posts"}],"about":[{"href":"https:\/\/247stiri.ro\/index.php\/wp-json\/wp\/v2\/types\/post"}],"replies":[{"embeddable":true,"href":"https:\/\/247stiri.ro\/index.php\/wp-json\/wp\/v2\/comments?post=42104"}],"version-history":[{"count":0,"href":"https:\/\/247stiri.ro\/index.php\/wp-json\/wp\/v2\/posts\/42104\/revisions"}],"wp:featuredmedia":[{"embeddable":true,"href":"https:\/\/247stiri.ro\/index.php\/wp-json\/wp\/v2\/media\/42093"}],"wp:attachment":[{"href":"https:\/\/247stiri.ro\/index.php\/wp-json\/wp\/v2\/media?parent=42104"}],"wp:term":[{"taxonomy":"category","embeddable":true,"href":"https:\/\/247stiri.ro\/index.php\/wp-json\/wp\/v2\/categories?post=42104"},{"taxonomy":"post_tag","embeddable":true,"href":"https:\/\/247stiri.ro\/index.php\/wp-json\/wp\/v2\/tags?post=42104"}],"curies":[{"name":"wp","href":"https:\/\/api.w.org\/{rel}","templated":true}]}}