{"id":42105,"date":"2025-03-24T13:44:53","date_gmt":"2025-03-24T13:44:53","guid":{"rendered":"https:\/\/247stiri.ro\/index.php\/2025\/03\/24\/disponibilizarile-de-la-senat-in-pauza-suspendatii-de-drept-nu-pot-fi-eliminati-sau-obligati-sa-se-intoarca\/"},"modified":"2025-03-24T13:44:53","modified_gmt":"2025-03-24T13:44:53","slug":"disponibilizarile-de-la-senat-in-pauza-suspendatii-de-drept-nu-pot-fi-eliminati-sau-obligati-sa-se-intoarca","status":"publish","type":"post","link":"https:\/\/247stiri.ro\/index.php\/2025\/03\/24\/disponibilizarile-de-la-senat-in-pauza-suspendatii-de-drept-nu-pot-fi-eliminati-sau-obligati-sa-se-intoarca\/","title":{"rendered":"Disponibiliz\u0103rile de la Senat, \u00een pauz\u0103. \u201eSuspenda\u0163ii de drept nu pot fi elimina\u0163i sau obliga\u0163i s\u0103 se \u00eentoarc\u0103\u201d"},"content":{"rendered":"<p>Pre\u015fedintele interimar al Senatului, Mircea Abrudean, a declarat luni, despre stadiul reorganiz\u0103rii aparatului bugetar la Senat, c\u0103 \u00eencep\u00e2nd de s\u0103pt\u0103m\u00e2na trecut\u0103, de c\u00e2nd a fost aprobat statutul de func\u0163ii \u015fi regulamentul de organizare \u015fi func\u0163ionare, curge termenul de 60 de zile, termen \u00een care se organizeaz\u0103 concursurile.<\/p>\n<p>\u201d\u00cen 60 de zile, la finalul acestei perioade, 17 mai, cred c\u0103 este aceasta, vom avea finalizat\u0103 procedura\u201d, a ar\u0103tat el.<\/p>\n<p>Pre\u015fedintele interimar al Senatului a subliniat c\u0103 au fost \u015fi plec\u0103ri voluntare.\u00a0<\/p>\n<p>\u201dM\u0103 a\u015ftept s\u0103 fie plec\u0103ri \u00een perioada urm\u0103toare, ca urmare a implement\u0103rii acestui sistem de acces. Probabil c\u0103 unii vor considera c\u0103 nu mai vor s\u0103 fie la Senat, c\u00e2t\u0103 vreme exist\u0103 acest program strict monitorizat, cum este normal. Au plecat p\u00e2n\u0103 \u00een prezent un num\u0103r de persoane, nu mai re\u0163in exact, 25-27, ceva de genul, cred c\u0103 \u00eenc\u0103 mai sunt \u00een curs de derulare proceduri de plecare, iar \u00een rest, ceilal\u0163i vor participa, conform metodologiei, la concursuri\u201d, a ar\u0103tat Abrudean.<\/p>\n<p>Despre persoanele suspendate din func\u0163ie, Mircea Abrudean a precizat c\u0103 \u201dmomentan, suspenda\u0163ii de drept nu pot fi elimina\u0163i sau obliga\u0163i s\u0103 se \u00eentoarc\u0103 pe perioada suspend\u0103rii de drept\u201d.<\/p>\n<p>\u201dAu fost discu\u0163ii cu unii dintre ei. \u00cen\u0163eleg c\u0103 unii doresc s\u0103 se \u00eentoarc\u0103 mai repede, cu at\u00e2t mai bine. Acolo unde exist\u0103 situa\u0163ii punctuale, de comisii care r\u0103m\u00e2n f\u0103r\u0103 oameni, sigur c\u0103 se g\u0103sesc solu\u0163ii punctuale, \u00een a\u015fa fel \u00eenc\u00e2t comisiile s\u0103-\u015fi desf\u0103\u015foare activitatea conform calendarului. Dar s\u0103 nu uit\u0103m c\u0103 exist\u0103 comisii provizorii, cu o activitate variabil\u0103, nu foarte \u00eenc\u0103rcate, \u015fi exist\u0103 comisii, \u00eentr-adev\u0103r, care au foarte mult de lucru \u015fi unde se justific\u0103 un num\u0103r mai mare de personal. Dar a\u015fa cum a fost aprobat \u00een memorandumul ini\u0163ial din ianuarie\u201d, a spus el.<\/p>\n<p>Abrudean a mai spus c\u0103 exist\u0103 \u015fi op\u0163iunea la cabinetele membrilor Biroului Permanent ca, din acei angaja\u0163i care r\u0103m\u00e2n, s\u0103 ai doi nedetermina\u0163i care vin \u015fi pleac\u0103 cu demnitarul sau s\u0103 p\u0103strezi doi dintre cei care sunt acolo, \u00een ideea \u00een care exist\u0103 memoria institu\u0163ional\u0103, de care este nevoie<\/p>\n<p>\u201dE o chestiune care vine oarecum \u00een folosul angaja\u0163ilor, pentru c\u0103 p\u0103strezi pe cineva din interior, nu aduci pe cineva de afar\u0103, pe care \u00eel angajezi pe o perioad\u0103 nedeterminat\u0103\u201d, a explicat el.<\/p>","protected":false},"excerpt":{"rendered":"<p>Pre\u015fedintele interimar al Senatului, Mircea Abrudean, a declarat luni, despre stadiul reorganiz\u0103rii aparatului bugetar la&hellip;<\/p>\n","protected":false},"author":0,"featured_media":42101,"comment_status":"open","ping_status":"open","sticky":false,"template":"","format":"standard","meta":{"footnotes":""},"categories":[2],"tags":[],"class_list":["post-42105","post","type-post","status-publish","format-standard","has-post-thumbnail","hentry","category-actual"],"_links":{"self":[{"href":"https:\/\/247stiri.ro\/index.php\/wp-json\/wp\/v2\/posts\/42105","targetHints":{"allow":["GET"]}}],"collection":[{"href":"https:\/\/247stiri.ro\/index.php\/wp-json\/wp\/v2\/posts"}],"about":[{"href":"https:\/\/247stiri.ro\/index.php\/wp-json\/wp\/v2\/types\/post"}],"replies":[{"embeddable":true,"href":"https:\/\/247stiri.ro\/index.php\/wp-json\/wp\/v2\/comments?post=42105"}],"version-history":[{"count":0,"href":"https:\/\/247stiri.ro\/index.php\/wp-json\/wp\/v2\/posts\/42105\/revisions"}],"wp:featuredmedia":[{"embeddable":true,"href":"https:\/\/247stiri.ro\/index.php\/wp-json\/wp\/v2\/media\/42101"}],"wp:attachment":[{"href":"https:\/\/247stiri.ro\/index.php\/wp-json\/wp\/v2\/media?parent=42105"}],"wp:term":[{"taxonomy":"category","embeddable":true,"href":"https:\/\/247stiri.ro\/index.php\/wp-json\/wp\/v2\/categories?post=42105"},{"taxonomy":"post_tag","embeddable":true,"href":"https:\/\/247stiri.ro\/index.php\/wp-json\/wp\/v2\/tags?post=42105"}],"curies":[{"name":"wp","href":"https:\/\/api.w.org\/{rel}","templated":true}]}}