{"id":42106,"date":"2025-03-24T13:44:54","date_gmt":"2025-03-24T13:44:54","guid":{"rendered":"https:\/\/247stiri.ro\/index.php\/2025\/03\/24\/ce-au-vorbit-americanii-cu-ucrainenii-inainte-de-intalnirea-cu-delegatia-rusilor\/"},"modified":"2025-03-24T13:44:54","modified_gmt":"2025-03-24T13:44:54","slug":"ce-au-vorbit-americanii-cu-ucrainenii-inainte-de-intalnirea-cu-delegatia-rusilor","status":"publish","type":"post","link":"https:\/\/247stiri.ro\/index.php\/2025\/03\/24\/ce-au-vorbit-americanii-cu-ucrainenii-inainte-de-intalnirea-cu-delegatia-rusilor\/","title":{"rendered":"Ce au vorbit americanii cu ucrainenii \u00eenainte de \u00eent\u00e2lnirea cu delega\u021bia ru\u0219ilor"},"content":{"rendered":"<p>Ministrul ucrainean Ap\u0103r\u0103rii, Rustem Umerov a descris discu\u021biile drept \u201eproductive\u201d \u00eentr-o postare pe X, men\u021bion\u00e2nd c\u0103 au abordat puncte-cheie, inclusiv energia, \u0219i c\u0103 se lucreaz\u0103 pentru a transform\u0103 \u00een realitate obiectivul lui Zelenski de a ob\u021bine \u201eo pace just\u0103 \u0219i durabil\u0103\u201d, scrie <a href=\"https:\/\/www.bbc.com\/news\/live\/cq6y3my01ndt\" target=\"_blank\">BBC News<\/a>.<\/p>\n<p>El a precizat c\u0103 acestea au fost discu\u021bii \u201etehnice\u201d, axate pe modalit\u0103\u021bile optime de protejare a instala\u021biilor energetice \u0219i a infrastructurii critice.<\/p>\n<p>De asemenea, sunt \u00een curs de negociere rutele de transport din Marea Neagr\u0103, Rusia fiind, potrivit unor surse, interesat\u0103 s\u0103 reia un acord care permitea Ucrainei s\u0103 exporte cereale din porturile sale f\u0103r\u0103 a fi atacat\u0103, \u00een schimbul unei relax\u0103ri a sanc\u021biunilor.<\/p>\n<p>Acum este r\u00e2ndul Rusiei, agen\u021bia de pres\u0103 de stat Tass raport\u00e2nd c\u0103 discu\u021biile erau programate s\u0103 \u00eenceap\u0103 la 07:00 GMT.<\/p>\n<p>Din delega\u021bia rus\u0103 fac parte Grigori Karasin, diplomat de carier\u0103 \u0219i pre\u0219edinte al comitetului pentru afaceri interna\u021bionale din camera superioar\u0103 a parlamentului, \u0219i Serghei Beseda, consilier al agen\u021biei de securitate FSB.<\/p>\n<p>Pre\u0219edintele american Donald Trump \u0219i-a propus s\u0103 ob\u021bin\u0103 pacea, dar r\u0103m\u00e2ne de v\u0103zut dac\u0103 \u0219i c\u00e2t de repede se va concretiza acest obiectiv.\u00a0<\/p>","protected":false},"excerpt":{"rendered":"<p>Ministrul ucrainean Ap\u0103r\u0103rii, Rustem Umerov a descris discu\u021biile drept \u201eproductive\u201d \u00eentr-o postare pe X, men\u021bion\u00e2nd&hellip;<\/p>\n","protected":false},"author":0,"featured_media":42099,"comment_status":"open","ping_status":"open","sticky":false,"template":"","format":"standard","meta":{"footnotes":""},"categories":[2],"tags":[],"class_list":["post-42106","post","type-post","status-publish","format-standard","has-post-thumbnail","hentry","category-actual"],"_links":{"self":[{"href":"https:\/\/247stiri.ro\/index.php\/wp-json\/wp\/v2\/posts\/42106","targetHints":{"allow":["GET"]}}],"collection":[{"href":"https:\/\/247stiri.ro\/index.php\/wp-json\/wp\/v2\/posts"}],"about":[{"href":"https:\/\/247stiri.ro\/index.php\/wp-json\/wp\/v2\/types\/post"}],"replies":[{"embeddable":true,"href":"https:\/\/247stiri.ro\/index.php\/wp-json\/wp\/v2\/comments?post=42106"}],"version-history":[{"count":0,"href":"https:\/\/247stiri.ro\/index.php\/wp-json\/wp\/v2\/posts\/42106\/revisions"}],"wp:featuredmedia":[{"embeddable":true,"href":"https:\/\/247stiri.ro\/index.php\/wp-json\/wp\/v2\/media\/42099"}],"wp:attachment":[{"href":"https:\/\/247stiri.ro\/index.php\/wp-json\/wp\/v2\/media?parent=42106"}],"wp:term":[{"taxonomy":"category","embeddable":true,"href":"https:\/\/247stiri.ro\/index.php\/wp-json\/wp\/v2\/categories?post=42106"},{"taxonomy":"post_tag","embeddable":true,"href":"https:\/\/247stiri.ro\/index.php\/wp-json\/wp\/v2\/tags?post=42106"}],"curies":[{"name":"wp","href":"https:\/\/api.w.org\/{rel}","templated":true}]}}