{"id":42107,"date":"2025-03-24T13:44:54","date_gmt":"2025-03-24T13:44:54","guid":{"rendered":"https:\/\/247stiri.ro\/index.php\/2025\/03\/24\/cum-va-fi-vremea-de-paste-elena-mateescu-sefa-anm-anunta-schimbari-majore-de-temperatura\/"},"modified":"2025-03-24T13:44:54","modified_gmt":"2025-03-24T13:44:54","slug":"cum-va-fi-vremea-de-paste-elena-mateescu-sefa-anm-anunta-schimbari-majore-de-temperatura","status":"publish","type":"post","link":"https:\/\/247stiri.ro\/index.php\/2025\/03\/24\/cum-va-fi-vremea-de-paste-elena-mateescu-sefa-anm-anunta-schimbari-majore-de-temperatura\/","title":{"rendered":"Cum va fi vremea de Pa\u0219te. Elena Mateescu, \u0219efa ANM, anun\u021b\u0103 schimb\u0103ri MAJORE de temperatur\u0103"},"content":{"rendered":"<p>\u0218efa ANM a declarat luni c\u0103 de\u0219i este prea devreme s\u0103 vorbim despre asta, datele preliminare arat\u0103 c\u0103 \u00een perioada S\u0103rb\u0103torilor Pascale, se vor \u00eenregistra valori termice mai ridicate dec\u00e2t \u00een mod normal.<\/p>\n<p>&#8216;Legat de prognoza pentru Pa\u0219te, \u00eenc\u0103 suntem departe s\u0103 vorbim, pentru c\u0103 datele pe care le avem sunt p\u00e2n\u0103 \u00een jurul zilei de 14 aprilie. At\u00e2t dispunem la acest moment. Vineri, cu siguran\u021b\u0103 vom include \u0219i s\u0103pt\u0103m\u00e2na respectiv\u0103 \u00een prognoz\u0103. Totu\u0219i, vorbim de temperaturi mai ridicate dec\u00e2t \u00een mod obi\u0219nuit. Cantit\u0103\u021bi de precipita\u021bii vor fi \u00een aceast\u0103 s\u0103pt\u0103m\u00e2n\u0103, cu un u\u0219or excedent \u00een jum\u0103tatea de vest a \u021b\u0103rii, dup\u0103 care apropiat de norme. Trebuie s\u0103 facem precizarea c\u0103 pe m\u0103sur\u0103 ce \u00eenaint\u0103m \u00een prim\u0103var\u0103, temperaturile mai c\u00e2\u0219tig\u0103 c\u00e2teva grade, \u00een medie 4-5 grade Celsius fa\u021b\u0103 de prima lun\u0103 a prim\u0103verii, iar cantit\u0103\u021bile de precipita\u021bii de asemenea mai cresc la nivelul valorilor, \u00een special \u00een luna mai. Repet, ar fi bine s\u0103 plou\u0103 \u0219i m\u0103car zicala &#8216;Plou\u0103 \u00een mai s\u0103 avem m\u0103lai!&#8217; s\u0103 se adevereasc\u0103, ca s\u0103 avem un an agricol bun, lu\u00e2nd \u00een considerare c\u0103 2023-2024 este al cincilea cel mai secetos an din istoria m\u0103sur\u0103torilor meteorologice, iar 2024, cel mai cald an at\u00e2t \u00een \u021bara noastr\u0103, c\u00e2t \u0219i la nivel mondial din istoria m\u0103sur\u0103torilor&#8217;, a declarat Elena Mateescu.\u00a0<\/p>\n<p>Totodat\u0103, ea a \u021binut s\u0103 men\u021bioneze faptul c\u0103 \u00een prezent, se \u00eenregistreaz\u0103 <a href=\"https:\/\/www.realitatea.net\/stiri\/ultimele-stiri\/alerta-anm-de-vreme-rea-in-romania-cod-galben-de-ploi-torentiale-si-vijelii-care-sunt-judetele-vizate_67dfccd1dd5ee060396fc5f3\" target=\"_blank\">fenomene<\/a> de secet\u0103 \u00een cea mai mare parte a teritoriului agricol.<\/p>\n<p>&#8216;La acest moment discut\u0103m de un grad mai redus de fenomene convective, pentru c\u0103 vorbim \u0219i pe un fond de secet\u0103. Anul 2025 a debutat cu precipita\u021bii pu\u021bine \u0219i vorbim de ultimele dou\u0103 luni \u0219i iat\u0103 acum \u0219i a treia lun\u0103. Deci, la acest moment discut\u0103m despre fenomene de secet\u0103 \u00een bun\u0103 parte din \u021bar\u0103 \u0219i m\u0103 refer aici chiar \u00een zona central\u0103, vestic\u0103, sud-vestic\u0103 a \u021b\u0103rii. Cu siguran\u021b\u0103, pe m\u0103sur\u0103 ce \u00eenaint\u0103m \u00een perioada de prim\u0103var\u0103, undeva pe la mijlocul lunii aprilie sau mai, fenomenele convective vor putea s\u0103 pun\u0103 anumite probleme din aceast\u0103 perspectiv\u0103. Cu siguran\u021b\u0103, Autoritatea pentru Administrarea Sistemului Na\u021bional Antigrindin\u0103 \u0219i de Cre\u0219tere a Precipita\u021biilor \u00ee\u0219i va putea asigura activitatea, pentru c\u0103 noi punem la dispozi\u021bia acesteia informa\u021bii (&#8230;) Am avut fenomene de grindin\u0103, izolat, \u00een special \u00een partea de sud-est a \u021b\u0103rii. Ne amintim temperaturile apropiate de 30 de grade Celsius, din prima lun\u0103 de prim\u0103var\u0103, care au f\u0103cut ca fenomenele de instabilitate atmosferic\u0103 s\u0103 fie mai degrab\u0103 fenomene specifice verii&#8217;, a mai spus directorul ANM.\u00a0<\/p>","protected":false},"excerpt":{"rendered":"<p>\u0218efa ANM a declarat luni c\u0103 de\u0219i este prea devreme s\u0103 vorbim despre asta, datele&hellip;<\/p>\n","protected":false},"author":0,"featured_media":42108,"comment_status":"open","ping_status":"open","sticky":false,"template":"","format":"standard","meta":{"footnotes":""},"categories":[2],"tags":[],"class_list":["post-42107","post","type-post","status-publish","format-standard","has-post-thumbnail","hentry","category-actual"],"_links":{"self":[{"href":"https:\/\/247stiri.ro\/index.php\/wp-json\/wp\/v2\/posts\/42107","targetHints":{"allow":["GET"]}}],"collection":[{"href":"https:\/\/247stiri.ro\/index.php\/wp-json\/wp\/v2\/posts"}],"about":[{"href":"https:\/\/247stiri.ro\/index.php\/wp-json\/wp\/v2\/types\/post"}],"replies":[{"embeddable":true,"href":"https:\/\/247stiri.ro\/index.php\/wp-json\/wp\/v2\/comments?post=42107"}],"version-history":[{"count":0,"href":"https:\/\/247stiri.ro\/index.php\/wp-json\/wp\/v2\/posts\/42107\/revisions"}],"wp:featuredmedia":[{"embeddable":true,"href":"https:\/\/247stiri.ro\/index.php\/wp-json\/wp\/v2\/media\/42108"}],"wp:attachment":[{"href":"https:\/\/247stiri.ro\/index.php\/wp-json\/wp\/v2\/media?parent=42107"}],"wp:term":[{"taxonomy":"category","embeddable":true,"href":"https:\/\/247stiri.ro\/index.php\/wp-json\/wp\/v2\/categories?post=42107"},{"taxonomy":"post_tag","embeddable":true,"href":"https:\/\/247stiri.ro\/index.php\/wp-json\/wp\/v2\/tags?post=42107"}],"curies":[{"name":"wp","href":"https:\/\/api.w.org\/{rel}","templated":true}]}}