{"id":42117,"date":"2025-03-24T14:44:51","date_gmt":"2025-03-24T14:44:51","guid":{"rendered":"https:\/\/247stiri.ro\/index.php\/2025\/03\/24\/europenii-isi-anuleaza-vacantele-in-sua-in-semn-de-protest-fata-de-trump\/"},"modified":"2025-03-24T14:44:51","modified_gmt":"2025-03-24T14:44:51","slug":"europenii-isi-anuleaza-vacantele-in-sua-in-semn-de-protest-fata-de-trump","status":"publish","type":"post","link":"https:\/\/247stiri.ro\/index.php\/2025\/03\/24\/europenii-isi-anuleaza-vacantele-in-sua-in-semn-de-protest-fata-de-trump\/","title":{"rendered":"Europenii \u00ee\u0219i anuleaz\u0103 vacan\u021bele \u00een SUA, \u00een semn de protest fa\u0163\u0103 de Trump"},"content":{"rendered":"<p>Rela\u021bia Danemarca-SUA a fost afectat\u0103 de comentariile lui Trump referitoare la Groenlanda, iar un danez, Kim Kugel Sorenson, a men\u021bionat c\u0103 \u0219i-a anulat o vizit\u0103 \u00een California \u0219i a modificat un tatuaj pentru a nu p\u0103rea proamerican. Sosirile din Danemarca au sc\u0103zut cu 6% \u00een februarie, dup\u0103 o cre\u0219tere de 7% \u00een anul precedent, conform datelor NTTO. Agen\u021biile de turism europene au observat o sc\u0103dere a interesului pentru c\u0103l\u0103torii \u00een SUA, ceea ce le-a determinat s\u0103 redirec\u021bioneze campaniile de promovare c\u0103tre alte destina\u021bii. Steen Albrechtsen, manager de produs la Albatros Travel din Copenhaga, a explicat c\u0103 agen\u021bia a decis s\u0103 nu mai aloce fonduri pentru marketingul excursiilor \u00een SUA din cauza lipsei de interes din partea clien\u021bilor \u0219i a climatului politic actual.<\/p>\n<p>&#8222;Am luat decizia de a nu mai cheltui niciun ban pe marketing pentru excursii \u00een SUA, at\u00e2t din cauza lipsei de r\u0103spuns din partea clien\u0163ilor, c\u00e2t \u015fi a situa\u0163iei \u015fi atitudinii actuale fa\u0163\u0103 de Danemarca \u015fi Groenlanda \u00een special&#8221;, a explicat, pentru Reuters, Steen Albrechtsen, manager de produs la Albatros Travel din Copenhaga.<\/p>\n<p><a title=\"De ce ultimele negocieri dintre Statele Unite si Rusia nelinistesc Romania\" href=\"https:\/\/www.realitatea.net\/stiri\/actual\/de-ce-ultimele-negocieri-dintre-statele-unite-si-rusia-nelinistesc-romania_67e12dfeb3831118422d1652\">De ce ultimele negocieri dintre Statele Unite \u0219i Rusia nelini\u0219tesc Rom\u00e2nia<\/a><\/p>\n<p>Cererea pentru zboruri c\u0103tre SUA a sc\u0103zut semnificativ \u00een aceast\u0103 lun\u0103 \u00een Fran\u021ba, Italia \u0219i Spania, conform lui Mirko Lalli, CEO al Data Appeal Company. \u00cen contrast, cererea din Marea Britanie r\u0103m\u00e2ne puternic\u0103. Germanii, pe de alt\u0103 parte, \u00ee\u0219i \u00eendreapt\u0103 aten\u021bia c\u0103tre Canada ca alternativ\u0103, conform agen\u021biei de turism America Unlimited. \u00cen contextul \u00een care Trump a amenin\u021bat cu transformarea Canadei \u00een al 51-lea stat american, unii europeni consider\u0103 c\u0103 vacan\u021bele \u00een Canada reprezint\u0103 un gest de solidaritate.<\/p>\n<p>\u00a0&#8222;Canada cunoa\u015fte un boom f\u0103r\u0103 precedent&#8221;, a declarat Timo Kohlenberg, CEO-ul America Unlimited, citat de <a href=\"https:\/\/www.stiridiaspora.ro\/\" target=\"_blank\">Stiri Diaspora<\/a>.<\/p>\n<p>Canadienii ar putea opta pentru o c\u0103l\u0103torie \u00een Europa \u00een aceast\u0103 var\u0103, evit\u00e2nd astfel deplas\u0103rile \u00een Statele Unite. Conform Key Data, o companie specializat\u0103 \u00een analiza \u00eenchirierilor pe termen scurt, rezerv\u0103rile pentru propriet\u0103\u021bile europene de vacan\u021b\u0103 din partea canadienilor au crescut cu 32% \u00eentre iunie \u0219i august, comparativ cu anul precedent.\u00a0<\/p>\n<p><a title=\"Trump nu se lasa! Vrea cu orice pret Groenlanda. Si-a trimis intregul staff de la Casa Alba ca sa faca lobby\" href=\"https:\/\/www.realitatea.net\/stiri\/actual\/trump-nu-se-lasa-vrea-cu-orice-pret-groenlanda-sia-trimis-intregul-staff-de-la-casa-alba-ca-sa-faca-lobby_67e1246df2676807c1526dc2\">Trump nu se las\u0103! Vrea cu orice pre\u021b Groenlanda. \u0218i-a trimis \u00eentregul staff de la Casa Alb\u0103 ca s\u0103 fac\u0103 lobby<\/a><\/p>","protected":false},"excerpt":{"rendered":"<p>Rela\u021bia Danemarca-SUA a fost afectat\u0103 de comentariile lui Trump referitoare la Groenlanda, iar un danez,&hellip;<\/p>\n","protected":false},"author":0,"featured_media":42118,"comment_status":"open","ping_status":"open","sticky":false,"template":"","format":"standard","meta":{"footnotes":""},"categories":[2],"tags":[],"class_list":["post-42117","post","type-post","status-publish","format-standard","has-post-thumbnail","hentry","category-actual"],"_links":{"self":[{"href":"https:\/\/247stiri.ro\/index.php\/wp-json\/wp\/v2\/posts\/42117","targetHints":{"allow":["GET"]}}],"collection":[{"href":"https:\/\/247stiri.ro\/index.php\/wp-json\/wp\/v2\/posts"}],"about":[{"href":"https:\/\/247stiri.ro\/index.php\/wp-json\/wp\/v2\/types\/post"}],"replies":[{"embeddable":true,"href":"https:\/\/247stiri.ro\/index.php\/wp-json\/wp\/v2\/comments?post=42117"}],"version-history":[{"count":0,"href":"https:\/\/247stiri.ro\/index.php\/wp-json\/wp\/v2\/posts\/42117\/revisions"}],"wp:featuredmedia":[{"embeddable":true,"href":"https:\/\/247stiri.ro\/index.php\/wp-json\/wp\/v2\/media\/42118"}],"wp:attachment":[{"href":"https:\/\/247stiri.ro\/index.php\/wp-json\/wp\/v2\/media?parent=42117"}],"wp:term":[{"taxonomy":"category","embeddable":true,"href":"https:\/\/247stiri.ro\/index.php\/wp-json\/wp\/v2\/categories?post=42117"},{"taxonomy":"post_tag","embeddable":true,"href":"https:\/\/247stiri.ro\/index.php\/wp-json\/wp\/v2\/tags?post=42117"}],"curies":[{"name":"wp","href":"https:\/\/api.w.org\/{rel}","templated":true}]}}