{"id":42121,"date":"2025-03-24T14:44:53","date_gmt":"2025-03-24T14:44:53","guid":{"rendered":"https:\/\/247stiri.ro\/index.php\/2025\/03\/24\/orasul-din-romania-unde-fumatul-in-parcuri-baze-sportive-si-statii-de-transport-in-comun-va-fi-interzis\/"},"modified":"2025-03-24T14:44:53","modified_gmt":"2025-03-24T14:44:53","slug":"orasul-din-romania-unde-fumatul-in-parcuri-baze-sportive-si-statii-de-transport-in-comun-va-fi-interzis","status":"publish","type":"post","link":"https:\/\/247stiri.ro\/index.php\/2025\/03\/24\/orasul-din-romania-unde-fumatul-in-parcuri-baze-sportive-si-statii-de-transport-in-comun-va-fi-interzis\/","title":{"rendered":"Ora\u0219ul din Rom\u00e2nia unde fumatul \u00een parcuri, baze sportive \u0219i sta\u021bii de transport \u00een comun va fi interzis"},"content":{"rendered":"<p>Primarul municipiului Cluj-Napoca, Emil Boc, a declarat, luni, 24 martie, \u00eentr-o conferin\u0163\u0103 de pres\u0103, c\u0103 a preg\u0103tit un proiect de lege prin care ar urma s\u0103 fie interzis fumatul \u00een sta\u0163iile de transport \u00een comun, \u00een parcurile \u015fi \u00een bazele sportive publice din ora\u015f.<\/p>\n<p>Proiectul a fost pus \u00een dezbatere public\u0103.<\/p>\n<p>&#8222;Ast\u0103zi am pus \u00een dezbatere public\u0103 proiectul de hot\u0103r\u00e2re a Consiliului Local care vizeaz\u0103 interzicerea fumatului \u00een sta\u0163iile de transport \u00een comun, \u00een parcurile publice din municipiul Cluj-Napoca \u015fi \u00een bazele sportive aflate \u00een proprietatea municipiului nostru, proiect de hot\u0103r\u00e2re care va sta \u00een dezbatere public\u0103, dup\u0103 care va fi supus aprob\u0103rii pentru Consiliul Local&#8221;, a declarat Emil Boc.<\/p>\n<p>El a precizat c\u0103 \u00een parcuri \u015fi \u00een bazele sportive vor fi amenajate zone \u00een care fum\u0103torii pot s\u0103 fumeze \u00een continuare, dar nu peste tot \u00een parc \u015fi \u00een bazele sportive, a\u015fa cum este acum.<\/p>\n<p>\u00cen termen de 90 de zile de la data vot\u0103rii de c\u0103tre Consiliul Local a hot\u0103r\u00e2rii respective vor fi amenajate \u015fi semnalizate corespunz\u0103tor locurile \u00een care este permis fumatul \u00een parcuri \u015fi baze sportive.<\/p>\n<p>Cei care nu vor respecta prevederile privind interzicerea fumatului vor fi sanc\u0163iona\u0163i contraven\u0163ional cu amenzi cuprinse \u00eentre 100 \u015fi 500 de lei.<\/p>\n<p>Amenda va fi aplicat\u0103 de reprezentan\u0163ii Poli\u0163iei Locale.<\/p>","protected":false},"excerpt":{"rendered":"<p>Primarul municipiului Cluj-Napoca, Emil Boc, a declarat, luni, 24 martie, \u00eentr-o conferin\u0163\u0103 de pres\u0103, c\u0103&hellip;<\/p>\n","protected":false},"author":0,"featured_media":42122,"comment_status":"open","ping_status":"open","sticky":false,"template":"","format":"standard","meta":{"footnotes":""},"categories":[2],"tags":[],"class_list":["post-42121","post","type-post","status-publish","format-standard","has-post-thumbnail","hentry","category-actual"],"_links":{"self":[{"href":"https:\/\/247stiri.ro\/index.php\/wp-json\/wp\/v2\/posts\/42121","targetHints":{"allow":["GET"]}}],"collection":[{"href":"https:\/\/247stiri.ro\/index.php\/wp-json\/wp\/v2\/posts"}],"about":[{"href":"https:\/\/247stiri.ro\/index.php\/wp-json\/wp\/v2\/types\/post"}],"replies":[{"embeddable":true,"href":"https:\/\/247stiri.ro\/index.php\/wp-json\/wp\/v2\/comments?post=42121"}],"version-history":[{"count":0,"href":"https:\/\/247stiri.ro\/index.php\/wp-json\/wp\/v2\/posts\/42121\/revisions"}],"wp:featuredmedia":[{"embeddable":true,"href":"https:\/\/247stiri.ro\/index.php\/wp-json\/wp\/v2\/media\/42122"}],"wp:attachment":[{"href":"https:\/\/247stiri.ro\/index.php\/wp-json\/wp\/v2\/media?parent=42121"}],"wp:term":[{"taxonomy":"category","embeddable":true,"href":"https:\/\/247stiri.ro\/index.php\/wp-json\/wp\/v2\/categories?post=42121"},{"taxonomy":"post_tag","embeddable":true,"href":"https:\/\/247stiri.ro\/index.php\/wp-json\/wp\/v2\/tags?post=42121"}],"curies":[{"name":"wp","href":"https:\/\/api.w.org\/{rel}","templated":true}]}}