{"id":42123,"date":"2025-03-24T14:44:54","date_gmt":"2025-03-24T14:44:54","guid":{"rendered":"https:\/\/247stiri.ro\/index.php\/2025\/03\/24\/eclipsa-partiala-de-soare-in-berbec-din-29-martie-deschide-drumuri-noi-pentru-fiecare-zodie-in-parte-ce-transformari-profunde-ne-vor-afecta-viata\/"},"modified":"2025-03-24T14:44:54","modified_gmt":"2025-03-24T14:44:54","slug":"eclipsa-partiala-de-soare-in-berbec-din-29-martie-deschide-drumuri-noi-pentru-fiecare-zodie-in-parte-ce-transformari-profunde-ne-vor-afecta-viata","status":"publish","type":"post","link":"https:\/\/247stiri.ro\/index.php\/2025\/03\/24\/eclipsa-partiala-de-soare-in-berbec-din-29-martie-deschide-drumuri-noi-pentru-fiecare-zodie-in-parte-ce-transformari-profunde-ne-vor-afecta-viata\/","title":{"rendered":"Eclipsa par\u021bial\u0103 de Soare \u00een Berbec din 29 martie deschide drumuri noi pentru fiecare zodie \u00een parte. Ce transform\u0103ri profunde ne vor afecta via\u021ba"},"content":{"rendered":"<p>Eclipsa Solar\u0103 Par\u021bial\u0103 \u00een Berbec, care are loc pe 29 martie 2025, marcheaz\u0103 un moment de absolvire \u0219i finalizarea unui ciclu pe care l-am traversat \u00eenc\u0103 din aprilie 2023. S\u0103 ne \u00eentoarcem pu\u021bin cu g\u00e2ndul \u00een urm\u0103, acum doi ani. Cum s-a schimbat via\u021ba ta de atunci, \u00een special \u00een ceea ce prive\u0219te rela\u021biile \u0219i modul \u00een care te raportezi la ele? Te sim\u021bi mai aliniat cu oamenii pe care alegi s\u0103-i ai \u00een jurul t\u0103u? A fost nevoie s\u0103 renun\u021bi la anumite rela\u021bii sau la dinamici care nu \u00ee\u021bi mai serveau?<\/p>\n<p>Din aprilie 2023, am fost ghida\u021bi de ciclul eclipselor pe axa Berbec-Balan\u021b\u0103, un ciclu care ne-a ajutat s\u0103 evolu\u0103m \u00een ceea ce prive\u0219te rela\u021biile \u0219i identitatea noastr\u0103. Am fost \u00eempin\u0219i s\u0103 devenim mai sinceri cu noi \u00een\u0219ine \u0219i cu ceilal\u021bi \u0219i s\u0103 tr\u0103im \u00eentr-un mod mai autentic. Poate c\u0103 acum po\u021bi vedea cum ai evoluat \u00een rela\u021biile tale din acea perioad\u0103. Poate c\u0103 te \u00een\u021belegi mai bine pe tine \u00eensu\u021bi \u0219i ai mai mult\u0103 \u00eencredere \u00een cine e\u0219ti atunci c\u00e2nd interac\u021bionezi cu ceilal\u021bi.<\/p>\n<p>Fiind ultima eclips\u0103 din acest ciclu Berbec-Balan\u021b\u0103, eclipsa solar\u0103 din 29 martie simbolizeaz\u0103 un punct culminant, \u00een care putem recunoa\u0219te \u0219i onora recompensele eforturilor noastre.<\/p>\n<p>Aceast\u0103 eclips\u0103 deschide un nou drum c\u0103tre rela\u021bii mai armonioase \u0219i mai autentice. Ne ofer\u0103 oportunitatea de a ne cinsti pe noi \u00een\u0219ine \u0219i adev\u0103rul nostru, av\u00e2nd mai mult\u0103 siguran\u021b\u0103 \u00een cine suntem \u0219i cum ne prezent\u0103m lumii.<\/p>\n<p>Eclipsa Solar\u0103 \u00een Berbec \u2013 Un Drum Nou<\/p>\n<p>Eclipsa solar\u0103 din martie 2025 nu este doar un moment de reflec\u021bie, ci \u0219i un deschiz\u0103tor de drumuri, oferindu-ne oportunitatea de a decide cum vrem s\u0103 mergem mai departe cu noile noastre cuno\u0219tin\u021be \u0219i \u00een\u021belepciune. Este un moment puternic pentru a seta inten\u021bii legate de rela\u021bia noastr\u0103 cu noi \u00een\u0219ine \u0219i cu ceilal\u021bi. Eclipsele solare sunt Lunii Noi super\u00eenc\u0103rcate, ceea ce \u00eenseamn\u0103 c\u0103 ele aduc \u00eenceputul unui nou ciclu lunar. Aceast\u0103 eclips\u0103 va aduce o energie proasp\u0103t\u0103, care ne va ajuta s\u0103 ne eliber\u0103m de stagnarea trecutului \u0219i s\u0103 \u00eembr\u0103\u021bi\u0219\u0103m viitorul cu deschidere.<\/p>\n<p>Luna S\u00e2ngerie de la \u00eenceputul lunii a agitat deja v\u00e2nturile schimb\u0103rii \u0219i transform\u0103rii, iar aceast\u0103 eclips\u0103 \u00een Berbec poate fi resim\u021bit\u0103 ca un impuls binevenit, care ne ajut\u0103 s\u0103 ne \u00eendrept\u0103m aten\u021bia \u00eentr-o direc\u021bie mai optimist\u0103. Accept\u0103 aceast\u0103 energie nou\u0103 \u00een via\u021ba ta. \u0218tii c\u0103 se deschid noi oportunit\u0103\u021bi pentru tine, a\u0219a c\u0103 r\u0103m\u00e2i receptiv la ceea ce \u00ee\u021bi iese \u00een cale.<\/p>\n<p><a title=\"4 zodii vor avea parte de binecuvantari divine incepand cu 21 martie. Karma lor va fi una POZITIVA\" href=\"https:\/\/www.realitatea.net\/stiri\/actual\/4-zodii-vor-avea-parte-de-binecuvantari-divine-incepand-cu-21-martie-karma-lor-va-fi-una-pozitiva_67dd3464da7ee031be6d5982\">4 zodii vor avea parte de binecuv\u00e2nt\u0103ri divine \u00eencep\u00e2nd cu 21 martie. Karma lor va fi una POZITIV\u0102<\/a><\/p>\n<p>Eclipsa\u00a0solar\u0103 \u00een Berbec \u2013 Energie \u0219i\u00a0provoc\u0103ri<\/p>\n<p>De\u0219i aceast\u0103 eclips\u0103 ne ofer\u0103 multe motive de s\u0103rb\u0103toare, ea vine \u0219i cu o doz\u0103 puternic\u0103 de energie karmic\u0103, care poate aduce intensitate \u0219i emo\u021bii aprinse. Berbecul este un semn de foc, ceea ce \u00eenseamn\u0103 c\u0103 ne poate face s\u0103 reac\u021bion\u0103m impulsiv, s\u0103 fim iritabili sau s\u0103 nu mai toler\u0103m anumite comportamente. Va trebui s\u0103 fim aten\u021bi la aceste energii \u0219i s\u0103 g\u0103sim modalit\u0103\u021bi sigure \u0219i constructive de a ne exprima emo\u021biile.<\/p>\n<p>Furia \u0219i alte st\u0103ri intense provin adesea dintr-un loc mai profund de triste\u021be sau dintr-o nevoie de control. Observ\u0103 ce emo\u021bii profunde se manifest\u0103 \u00een tine \u0219i vezi dac\u0103 po\u021bi aduce o schimbare \u00een aceast\u0103 direc\u021bie, spun astrologii <a href=\"https:\/\/sfatulparintilor.ro\/\" target=\"_blank\">Sfatul P\u0103rin\u021bilor<\/a>.<\/p>\n<p>Oric\u00e2t ne-am dori s\u0103 control\u0103m rezultatele, nu totul este \u00een puterea noastr\u0103. \u00cen loc s\u0103 ne \u00eempotrivim, putem folosi energia eclipsei pentru a cere putere, ghidare \u0219i sprijin \u00een fa\u021ba provoc\u0103rilor.<\/p>\n<p>Energiile cosmice din jurul Eclipsei solare \u00een Berbec<\/p>\n<p>\u00cen momentul acestei eclipse, at\u00e2t Mercur, c\u00e2t \u0219i Venus sunt \u00een retrograd, ceea ce ne \u00eendeamn\u0103 s\u0103 fim mai con\u0219tien\u021bi de ac\u021biunile noastre \u0219i s\u0103 privim spre trecut pentru a \u00een\u021belege cum s\u0103 avans\u0103m.<\/p>\n<p>R\u0103spunsurile pe care le c\u0103ut\u0103m s-ar putea afla \u00een trecut sau \u00een experien\u021bele noastre anterioare. Doar privind \u00een urm\u0103 \u0219i observ\u00e2nd tiparele vom putea \u00een\u021belege cel mai bine cum s\u0103 ne mi\u0219c\u0103m mai departe.<\/p>\n<p>Retrogradarea lui Mercur \u0219i Venus poate crea confuzii sau dificult\u0103\u021bi de comunicare, a\u0219a c\u0103 este bine s\u0103 fim precau\u021bi \u00een aceast\u0103 perioad\u0103. Evit\u0103 s\u0103 iei decizii gr\u0103bite \u0219i permite lucrurilor s\u0103 se a\u0219eze natural. P\u00e2n\u0103 la sf\u00e2r\u0219itul ciclului lunar, totul va deveni mai clar.<\/p>\n<p><a title=\"4 zodii vor avea parte de binecuvantari divine incepand cu 21 martie. Karma lor va fi una POZITIVA\" href=\"https:\/\/www.realitatea.net\/stiri\/actual\/4-zodii-vor-avea-parte-de-binecuvantari-divine-incepand-cu-21-martie-karma-lor-va-fi-una-pozitiva_67dd3464da7ee031be6d5982\">4 zodii vor avea parte de binecuv\u00e2nt\u0103ri divine \u00eencep\u00e2nd cu 21 martie. Karma lor va fi una POZITIV\u0102<\/a><\/p>","protected":false},"excerpt":{"rendered":"<p>Eclipsa Solar\u0103 Par\u021bial\u0103 \u00een Berbec, care are loc pe 29 martie 2025, marcheaz\u0103 un moment&hellip;<\/p>\n","protected":false},"author":0,"featured_media":42112,"comment_status":"open","ping_status":"open","sticky":false,"template":"","format":"standard","meta":{"footnotes":""},"categories":[2],"tags":[],"class_list":["post-42123","post","type-post","status-publish","format-standard","has-post-thumbnail","hentry","category-actual"],"_links":{"self":[{"href":"https:\/\/247stiri.ro\/index.php\/wp-json\/wp\/v2\/posts\/42123","targetHints":{"allow":["GET"]}}],"collection":[{"href":"https:\/\/247stiri.ro\/index.php\/wp-json\/wp\/v2\/posts"}],"about":[{"href":"https:\/\/247stiri.ro\/index.php\/wp-json\/wp\/v2\/types\/post"}],"replies":[{"embeddable":true,"href":"https:\/\/247stiri.ro\/index.php\/wp-json\/wp\/v2\/comments?post=42123"}],"version-history":[{"count":0,"href":"https:\/\/247stiri.ro\/index.php\/wp-json\/wp\/v2\/posts\/42123\/revisions"}],"wp:featuredmedia":[{"embeddable":true,"href":"https:\/\/247stiri.ro\/index.php\/wp-json\/wp\/v2\/media\/42112"}],"wp:attachment":[{"href":"https:\/\/247stiri.ro\/index.php\/wp-json\/wp\/v2\/media?parent=42123"}],"wp:term":[{"taxonomy":"category","embeddable":true,"href":"https:\/\/247stiri.ro\/index.php\/wp-json\/wp\/v2\/categories?post=42123"},{"taxonomy":"post_tag","embeddable":true,"href":"https:\/\/247stiri.ro\/index.php\/wp-json\/wp\/v2\/tags?post=42123"}],"curies":[{"name":"wp","href":"https:\/\/api.w.org\/{rel}","templated":true}]}}