{"id":42128,"date":"2025-03-24T14:44:55","date_gmt":"2025-03-24T14:44:55","guid":{"rendered":"https:\/\/247stiri.ro\/index.php\/2025\/03\/24\/un-roman-a-fost-impuscat-mortal-la-o-nunta-in-germania-de-la-ce-a-pornit-totul\/"},"modified":"2025-03-24T14:44:55","modified_gmt":"2025-03-24T14:44:55","slug":"un-roman-a-fost-impuscat-mortal-la-o-nunta-in-germania-de-la-ce-a-pornit-totul","status":"publish","type":"post","link":"https:\/\/247stiri.ro\/index.php\/2025\/03\/24\/un-roman-a-fost-impuscat-mortal-la-o-nunta-in-germania-de-la-ce-a-pornit-totul\/","title":{"rendered":"Un rom\u00e2n a fost \u00eempu\u0219cat mortal, la o nunt\u0103 \u00een Germania. De la ce a pornit totul"},"content":{"rendered":"<p>Un rom\u00e2n a fost ucis \u00een urma unui atac armat ce a avut loc duminic\u0103, 23 martie, la o nunt\u0103 \u00een ora\u0219ul german Furth din landul Bavaria.<\/p>\n<p>Ulterior, un cet\u0103\u021bean francez s-a predat pol\u021biei din propria \u021bar\u0103, m\u0103rturisind c\u0103 el este autorul atacului armat, scrie Agerpres.<\/p>\n<p>Un purt\u0103tor de cuv\u00e2nt al\u00a0poli\u0163iei din ora\u015ful german\u00a0Nurnberg a declarat c\u0103 se investigheaz\u0103 dac\u0103 acest suspect este \u00eentr-adev\u0103r autorul atacului, dar primele informa\u0163ii indic\u0103 spre el.<\/p>\n<p>Rom\u00e2nul, \u00een v\u00e2rst\u0103 de 47 de ani, se afla la o nunt\u0103 la care participau sute de persoane \u00een ora\u0219ul Furth,\u00a0situat la mai mult de 200 de kilometri de grani\u0163a cu Fran\u0163a.<\/p>\n<p>\u00cen timpul evenimentului, a avut loc atacul armat, \u00een urma c\u0103ruia acesta a fost \u00eempu\u0219cat. Cauza crimei nu este \u00eenc\u0103 cunoscut\u0103, \u00eens\u0103 anchetatorii sunt de p\u0103rere c\u0103 atacul a fost premeditat, fiind vorba de o disput\u0103 personal\u0103.\u00a0<\/p>\n<p>Cet\u0103\u0163eanul rom\u00e2n care a fost \u00eempu\u015fcat a murit la spital. Poli\u0163ia nu a stabilit deocamdat\u0103 dac\u0103 exist\u0103 o leg\u0103tur\u0103 \u00eentre el \u015fi cuplul c\u0103s\u0103torit.<\/p>\n<p>Tot potrivit poli\u0163iei, dou\u0103 ma\u015fini cu numere de \u00eenmatriculare fran\u0163uze\u015fti au plecat \u00een grab\u0103 de la locul faptei, dar \u00eenc\u0103 nu este clar dac\u0103 atacatorul a ac\u0163ionat singur ori a avut \u015fi complici.<\/p>","protected":false},"excerpt":{"rendered":"<p>Un rom\u00e2n a fost ucis \u00een urma unui atac armat ce a avut loc duminic\u0103,&hellip;<\/p>\n","protected":false},"author":0,"featured_media":42116,"comment_status":"open","ping_status":"open","sticky":false,"template":"","format":"standard","meta":{"footnotes":""},"categories":[2],"tags":[],"class_list":["post-42128","post","type-post","status-publish","format-standard","has-post-thumbnail","hentry","category-actual"],"_links":{"self":[{"href":"https:\/\/247stiri.ro\/index.php\/wp-json\/wp\/v2\/posts\/42128","targetHints":{"allow":["GET"]}}],"collection":[{"href":"https:\/\/247stiri.ro\/index.php\/wp-json\/wp\/v2\/posts"}],"about":[{"href":"https:\/\/247stiri.ro\/index.php\/wp-json\/wp\/v2\/types\/post"}],"replies":[{"embeddable":true,"href":"https:\/\/247stiri.ro\/index.php\/wp-json\/wp\/v2\/comments?post=42128"}],"version-history":[{"count":0,"href":"https:\/\/247stiri.ro\/index.php\/wp-json\/wp\/v2\/posts\/42128\/revisions"}],"wp:featuredmedia":[{"embeddable":true,"href":"https:\/\/247stiri.ro\/index.php\/wp-json\/wp\/v2\/media\/42116"}],"wp:attachment":[{"href":"https:\/\/247stiri.ro\/index.php\/wp-json\/wp\/v2\/media?parent=42128"}],"wp:term":[{"taxonomy":"category","embeddable":true,"href":"https:\/\/247stiri.ro\/index.php\/wp-json\/wp\/v2\/categories?post=42128"},{"taxonomy":"post_tag","embeddable":true,"href":"https:\/\/247stiri.ro\/index.php\/wp-json\/wp\/v2\/tags?post=42128"}],"curies":[{"name":"wp","href":"https:\/\/api.w.org\/{rel}","templated":true}]}}