{"id":42148,"date":"2025-03-24T15:44:55","date_gmt":"2025-03-24T15:44:55","guid":{"rendered":"https:\/\/247stiri.ro\/index.php\/2025\/03\/24\/un-liberal-de-frunte-il-face-praf-pe-nicusor-dan-este-lipsit-de-anvergura-politica-internationala-ar-face-din-romania-un-loc-al-autoizolarii\/"},"modified":"2025-03-24T15:44:55","modified_gmt":"2025-03-24T15:44:55","slug":"un-liberal-de-frunte-il-face-praf-pe-nicusor-dan-este-lipsit-de-anvergura-politica-internationala-ar-face-din-romania-un-loc-al-autoizolarii","status":"publish","type":"post","link":"https:\/\/247stiri.ro\/index.php\/2025\/03\/24\/un-liberal-de-frunte-il-face-praf-pe-nicusor-dan-este-lipsit-de-anvergura-politica-internationala-ar-face-din-romania-un-loc-al-autoizolarii\/","title":{"rendered":"Un liberal de frunte \u00eel face praf pe Nicu\u0219or Dan: Este lipsit de anvergur\u0103 politic\u0103 interna\u0163ional\u0103, ar face din Rom\u00e2nia un loc al autoizol\u0103rii"},"content":{"rendered":"<p>&#8222;Ne afl\u0103m \u00eentr-un context geopolitic extrem de complicat, unde pacea din Ucraina e o prioritate, mai ales \u00eentr-o regiune a Europei precum cea din care facem parte, care se confrunt\u0103 cu un sentiment general de nelini\u015fte \u015fi \u00eengrijorare. De asemenea, Uniunea Europeana trece printr-un proces de rea\u015fezare, de dialog \u015fi negociere \u00eentre statele membre. Este esen\u0163ial ca \u00een acest context, interesele Rom\u00e2niei s\u0103 fie reprezentate de un viitor pre\u015fedinte cu rela\u0163ii \u015fi anvergur\u0103 interna\u0163ional\u0103. Pre\u015fedintele \u0163\u0103rii este \u015feful diploma\u0163iei rom\u00e2ne\u015fti\u201d,a\u00a0 scrie Stroe pe Facebook.<\/p>\n<p>\u201dMi s-ar p\u0103rea ireal un scenariu \u00een care s\u0103 avem \u00een fruntea \u0163\u0103rii un om f\u0103r\u0103 nicio rela\u0163ie cu vreun lider interna\u0163ional sau cu institu\u0163ii partenere. Nicu\u015for Dan este un om lipsit de anvergur\u0103 politic\u0103 interna\u0163ional\u0103, f\u0103r\u0103 competen\u0163e \u00een zona rela\u0163iilor interna\u0163ionale, f\u0103r\u0103 nicio echipa cu parteneri politici la nivel european, care ar face din Rom\u00e2nia un loc al autoizol\u0103rii \u015fi blocajelor de toate tipurile, exact a\u015fa cum a f\u0103cut \u015fi la Prim\u0103ria Municipiul Bucure\u015fti\u201d, a mai explicat fostul purt\u0103tor de cuv\u00e2nt al PNL.<\/p>\n<p>\u201dCum ar putea s\u0103 reprezinte Rom\u00e2nia pe plan extern un om care, timp de 5 ani c\u00e2t a fost \u00een fruntea unei capitale europene precum Bucure\u015ftiul, nu a avut nici dialog, nici ini\u0163iativ\u0103, nici echip\u0103? \u201d, a completat Stroe.<\/p>","protected":false},"excerpt":{"rendered":"<p>&#8222;Ne afl\u0103m \u00eentr-un context geopolitic extrem de complicat, unde pacea din Ucraina e o prioritate,&hellip;<\/p>\n","protected":false},"author":0,"featured_media":42138,"comment_status":"open","ping_status":"open","sticky":false,"template":"","format":"standard","meta":{"footnotes":""},"categories":[2],"tags":[],"class_list":["post-42148","post","type-post","status-publish","format-standard","has-post-thumbnail","hentry","category-actual"],"_links":{"self":[{"href":"https:\/\/247stiri.ro\/index.php\/wp-json\/wp\/v2\/posts\/42148","targetHints":{"allow":["GET"]}}],"collection":[{"href":"https:\/\/247stiri.ro\/index.php\/wp-json\/wp\/v2\/posts"}],"about":[{"href":"https:\/\/247stiri.ro\/index.php\/wp-json\/wp\/v2\/types\/post"}],"replies":[{"embeddable":true,"href":"https:\/\/247stiri.ro\/index.php\/wp-json\/wp\/v2\/comments?post=42148"}],"version-history":[{"count":0,"href":"https:\/\/247stiri.ro\/index.php\/wp-json\/wp\/v2\/posts\/42148\/revisions"}],"wp:featuredmedia":[{"embeddable":true,"href":"https:\/\/247stiri.ro\/index.php\/wp-json\/wp\/v2\/media\/42138"}],"wp:attachment":[{"href":"https:\/\/247stiri.ro\/index.php\/wp-json\/wp\/v2\/media?parent=42148"}],"wp:term":[{"taxonomy":"category","embeddable":true,"href":"https:\/\/247stiri.ro\/index.php\/wp-json\/wp\/v2\/categories?post=42148"},{"taxonomy":"post_tag","embeddable":true,"href":"https:\/\/247stiri.ro\/index.php\/wp-json\/wp\/v2\/tags?post=42148"}],"curies":[{"name":"wp","href":"https:\/\/api.w.org\/{rel}","templated":true}]}}