{"id":42170,"date":"2025-03-24T17:44:47","date_gmt":"2025-03-24T17:44:47","guid":{"rendered":"https:\/\/247stiri.ro\/index.php\/2025\/03\/24\/caz-terifiant-o-profesoara-a-cazut-victima-unui-grup-de-elevi-ce-au-putut-sa-ii-faca-minorii\/"},"modified":"2025-03-24T17:44:47","modified_gmt":"2025-03-24T17:44:47","slug":"caz-terifiant-o-profesoara-a-cazut-victima-unui-grup-de-elevi-ce-au-putut-sa-ii-faca-minorii","status":"publish","type":"post","link":"https:\/\/247stiri.ro\/index.php\/2025\/03\/24\/caz-terifiant-o-profesoara-a-cazut-victima-unui-grup-de-elevi-ce-au-putut-sa-ii-faca-minorii\/","title":{"rendered":"Caz terifiant: o profesoar\u0103 a c\u0103zut victima unui grup de elevi. Ce au putut s\u0103 \u00eei fac\u0103 minorii"},"content":{"rendered":"<p>Tinerii au drogat-o, violat-o, \u0219i apoi au \u0219antajat-o pentru bani. Ace\u0219tia sunt \u0219i principalii suspec\u021bi \u00een cazul de incendiere al apartamentului profesoarei din Viena. Urmeaz\u0103 informa\u021bii cu un puternic impact emo\u021bional!<\/p>\n<p>Cum s-a \u00eent\u00e2mplat incidentul<\/p>\n<p><a href=\"https:\/\/www.realitatea.net\/stiri\/actual\/clipe-de-cosmar-pentru-o-femeie-de-96-de-ani-un-barbat-a-incercat-sa-o-violeze-si-sa-ii-fure-un-radio_679a4c9369e9de0bfc0700c4\" target=\"_blank\">Ororile au \u00eenceput<\/a> \u00een prim\u0103vara anului 2024 pe c\u00e2nd femeia avea 29 de ani. Ea a \u00eenceput o rela\u021bie amoroas\u0103 cu un fost elev de 17 ani dup\u0103 ce au \u00eenceput s\u0103 discute pe re\u021belele de socializare. \u201eMi-a scris ca vrea s\u0103 vin\u0103 pe la mine \u015fi c\u0103 mereu m-a pl\u0103cut&#8221;, a declarat victima poli\u021biei, potrivit Heute.<\/p>\n<p>Ulterior, s-au \u00eent\u00e2lnit \u00eentr-un bar \u0219i au consumat alcool, iar \u00eent\u00e2lnirea s-a terminat la locuin\u021ba profesoarei unde au \u00eentre\u021binut rela\u021bii intime. \u201eC\u00e2nd m-am trezit am regretat totul. Mi-a fost team\u0103 c\u0103 se va afla \u015fi c\u0103 \u00eemi va compromite reputa\u021bia la \u015fcoal\u0103&#8221;, a declarat femeia.<\/p>\n<p>La o lun\u0103 mai t\u00e2rziu de la aceast\u0103 \u00eent\u00e2lnire, aceasta a \u00eenceput s\u0103 primeasc\u0103 mesaje pe Instagram. \u201eErau ni\u015fte tineri, cred c\u0103 aveau \u00eentre 17 \u015fi 19 ani&#8221;, a sus\u0163inut aceasta \u00een fa\u0163a poli\u0163iei. Dup\u0103 c\u00e2teva s\u0103pt\u0103m\u00e2ni, fostul elev ar fi ap\u0103rut la u\u015fa ei \u00eenso\u0163it de mai mul\u0163i elevi. Ace\u015ftia au r\u0103mas peste noapte \u00een apartamentul femeii \u015fi i-au cerut s\u0103 le comande pizza \u015fi McDonald&#8221;s.<\/p>\n<p>\u00cen luna iulie, profesoara a aflat c\u0103 este \u00eens\u0103rcinat\u0103, iar minorul ar fi \u00eendrumat-o s\u0103 fac\u0103 avort. Dup\u0103 acest episod, adolescen\u021bii au convins-o femeie s\u0103 se drogheze al\u0103turi de ei \u015fi i-au furat 800 de euro p\u0103stra\u0163i \u00eentr-o pu\u015fculi\u0163\u0103.<\/p>\n<p>\u00cen luna august, femeia ar fi fost drogat\u0103 de ga\u0219ca de tineri \u0219i ulterior violat\u0103. Adolescen\u021bii au f\u0103cut mai multe clipuri video \u0219i apoi i-au cerut bani pentru a nu le face publice.<\/p>\n<p>Constr\u00e2ns\u0103 de situa\u021bie, femeia a continuat s\u0103 le permit\u0103 accesul \u00een apartamentul ei, iar la \u00eenceputul anului 2025 i s-au cerut 11.000 de euro, bani pe care femeia nu \u00eei avea, iar tinerii au violat-o din nou.<\/p>\n<p>Profesoara a mers de bun\u0103voie la poli\u021bie<\/p>\n<p>\u00cen luna ianuarie, femeia a mers la poli\u021bie pentru a anun\u021ba abuzurile. La c\u00e2teva zile distan\u021b\u0103, apartamentul \u00een care locuia a luat foc \u0219i a fost distrus. Ancheta \u00eenc\u0103 nu a stabilit dac\u0103 incendiul a fost accidental sau premeditat, \u00eens\u0103 tinerii sunt principalii suspec\u0163i.<\/p>\n<p><a href=\"https:\/\/www.realitatea.net\/stiri\/extern\/acuzatii-socante-o-femeie-sustine-ca-a-fost-violata-pe-livestream-de-un-barbat-casatorit-dupa-ce-sau-intalnit-la-hotel_6790febce79b7540213b0aff\" target=\"_blank\">Oamenii legii i-au arestat<\/a> pe tinerii cu v\u00e2rste \u00eentre 14 \u015fi 17 ani din gruparea &#8222;Liesing Gang&#8221;, pe 14 martie. Adolescen\u021bii sunt suspecta\u0163i de viol, agresiune, \u015fantaj \u015fi incendiere, \u00eens\u0103 ei neag\u0103 vehement acuza\u021biile. C\u00e2\u021biva dintre ei au condamn\u0103ri anterioare \u015fi sunt cunoscu\u0163i poli\u0163iei. Tinerii provin din Afganistan, Irak, Rom\u00e2nia \u015fi Austria.\u00a0<\/p>\n<p>\u00a0<\/p>\n<p>\u00a0<\/p>","protected":false},"excerpt":{"rendered":"<p>Tinerii au drogat-o, violat-o, \u0219i apoi au \u0219antajat-o pentru bani. Ace\u0219tia sunt \u0219i principalii suspec\u021bi&hellip;<\/p>\n","protected":false},"author":0,"featured_media":42171,"comment_status":"open","ping_status":"open","sticky":false,"template":"","format":"standard","meta":{"footnotes":""},"categories":[4],"tags":[],"class_list":["post-42170","post","type-post","status-publish","format-standard","has-post-thumbnail","hentry","category-extern"],"_links":{"self":[{"href":"https:\/\/247stiri.ro\/index.php\/wp-json\/wp\/v2\/posts\/42170","targetHints":{"allow":["GET"]}}],"collection":[{"href":"https:\/\/247stiri.ro\/index.php\/wp-json\/wp\/v2\/posts"}],"about":[{"href":"https:\/\/247stiri.ro\/index.php\/wp-json\/wp\/v2\/types\/post"}],"replies":[{"embeddable":true,"href":"https:\/\/247stiri.ro\/index.php\/wp-json\/wp\/v2\/comments?post=42170"}],"version-history":[{"count":0,"href":"https:\/\/247stiri.ro\/index.php\/wp-json\/wp\/v2\/posts\/42170\/revisions"}],"wp:featuredmedia":[{"embeddable":true,"href":"https:\/\/247stiri.ro\/index.php\/wp-json\/wp\/v2\/media\/42171"}],"wp:attachment":[{"href":"https:\/\/247stiri.ro\/index.php\/wp-json\/wp\/v2\/media?parent=42170"}],"wp:term":[{"taxonomy":"category","embeddable":true,"href":"https:\/\/247stiri.ro\/index.php\/wp-json\/wp\/v2\/categories?post=42170"},{"taxonomy":"post_tag","embeddable":true,"href":"https:\/\/247stiri.ro\/index.php\/wp-json\/wp\/v2\/tags?post=42170"}],"curies":[{"name":"wp","href":"https:\/\/api.w.org\/{rel}","templated":true}]}}