{"id":42172,"date":"2025-03-24T17:44:49","date_gmt":"2025-03-24T17:44:49","guid":{"rendered":"https:\/\/247stiri.ro\/index.php\/2025\/03\/24\/prelungirea-plafonarii-preturilor-pentru-energie-electrica-si-gaze-adoptata-in-senat-scandal-in-plen-la-dezbaterea-proiectului\/"},"modified":"2025-03-24T17:44:49","modified_gmt":"2025-03-24T17:44:49","slug":"prelungirea-plafonarii-preturilor-pentru-energie-electrica-si-gaze-adoptata-in-senat-scandal-in-plen-la-dezbaterea-proiectului","status":"publish","type":"post","link":"https:\/\/247stiri.ro\/index.php\/2025\/03\/24\/prelungirea-plafonarii-preturilor-pentru-energie-electrica-si-gaze-adoptata-in-senat-scandal-in-plen-la-dezbaterea-proiectului\/","title":{"rendered":"Prelungirea plafon\u0103rii pre\u021burilor pentru energie electric\u0103 \u0219i gaze, adoptat\u0103 \u00een Senat. Scandal \u00een plen, la dezbaterea proiectului"},"content":{"rendered":"<p>Proiect legislativ a fost adoptat, luni, de Senat, \u0219i are drept obiect de reglementare aprobarea OUG nr.6\/2025 privind instituirea unui cadru legal pentru plafonarea pre\u0163urilor pl\u0103tite de clien\u0163ii finali pentru energie electric\u0103 \u015fi gaze naturale.<\/p>\n<p class=\"selectable-text copyable-text x15bjb6t x1n2onr6\">Proiectul a fost adoptat cu 71 de voturi &#8222;pentru&#8221;, trei &#8222;\u00eempotriv\u0103&#8221; \u015fi 47 de ab\u0163ineri, informeaz\u0103 Agerpres.<\/p>\n<p class=\"selectable-text copyable-text x15bjb6t x1n2onr6\">Un amendament admis la proiect prevede c\u0103, &#8222;\u00een cazurile \u00een care Republica Moldova nu poate s\u0103 \u00ee\u015fi asigure consumul na\u0163ional de energie electric\u0103 prin produc\u0163ie proprie, produc\u0103torii de energie electric\u0103 au obliga\u0163ia s\u0103 \u00eencheie contracte bilaterale, \u00een limita cantit\u0103\u0163ilor disponibile, cu furnizori de energie electric\u0103 desemna\u0163i de c\u0103tre Guvernul Republicii Moldova \u00een acest sens, la pre\u0163ul de referin\u0163\u0103 prev\u0103zut \u00een ordonan\u0163\u0103, la care se adaug\u0103 costul certificatelor de emisii de gaze cu efect de ser\u0103, dup\u0103 caz. Energia electric\u0103 v\u00e2ndut\u0103 \u00een aceste condi\u0163ii acoper\u0103 exclusiv necesarul de consum al consumatorilor finali din Republica Moldova&#8221;.<\/p>\n<p class=\"selectable-text copyable-text x15bjb6t x1n2onr6\">\u00cen cadrul dezbaterilor din plen, senatoarea USR Violeta Alexandru a afirmat c\u0103 aceast\u0103 schem\u0103 de plafonare este o &#8222;manipulare&#8221; a Guvernului, care &#8222;plafoneaz\u0103 ni\u015fte costuri, ni\u015fte pre\u0163uri care sunt mari oricum de la poarta produc\u0103torilor de stat din energie&#8221;.<\/p>\n<p class=\"selectable-text copyable-text x15bjb6t x1n2onr6\">Senatorul AUR Petri\u015for Peiu a sus\u0163inut, la r\u00e2ndul s\u0103u, c\u0103 Guvernul se ambi\u0163ioneaz\u0103 s\u0103 mearg\u0103 cu o schem\u0103 &#8222;ipocrit\u0103&#8221;, bazat\u0103 pe o &#8222;mare minciun\u0103&#8221;.<\/p>\n<p class=\"selectable-text copyable-text x15bjb6t x1n2onr6\">&#8222;Guvernul are, ast\u0103zi, 5 miliarde de lei nepl\u0103ti\u0163i c\u0103tre furnizori (&#8230;). Guvernul a dovedit c\u0103 nu poate s\u0103 sus\u0163in\u0103 aceast\u0103 schem\u0103 p\u00e2n\u0103 ast\u0103zi, dar vrea s\u0103 o prelungeasc\u0103. Cred c\u0103 Guvernul se p\u0103c\u0103le\u015fte \u015fi vine cu aceast\u0103 ordonan\u0163\u0103 care rezolv\u0103 problema comunic\u0103rii politice a campaniei electorale, dar nu rezolv\u0103 problema de fond, pentru c\u0103 Guvernul se ambi\u0163ioneaz\u0103 s\u0103 mearg\u0103 cu o schem\u0103 ipocrit\u0103, bazat\u0103 pe o mare minciun\u0103. Banii aceia nu exist\u0103&#8221;, a punctat Peiu.<\/p>\n<p class=\"selectable-text copyable-text x15bjb6t x1n2onr6\">\u00cen replic\u0103, senatorul PSD Daniel Zamfir a sus\u0163inut c\u0103 mecanismul de plafonare este &#8222;singurul&#8221; care \u00eei protejeaz\u0103 pe cet\u0103\u0163eni de aceast\u0103 &#8222;fluctua\u0163ie&#8221;.<\/p>\n<p class=\"selectable-text copyable-text x15bjb6t x1n2onr6\">Proiectul de lege va fi dezb\u0103tut \u015fi supus votului plenului Camerei Deputa\u0163ilor, for decizional \u00een acest caz.<\/p>","protected":false},"excerpt":{"rendered":"<p>Proiect legislativ a fost adoptat, luni, de Senat, \u0219i are drept obiect de reglementare aprobarea&hellip;<\/p>\n","protected":false},"author":0,"featured_media":42173,"comment_status":"open","ping_status":"open","sticky":false,"template":"","format":"standard","meta":{"footnotes":""},"categories":[2],"tags":[],"class_list":["post-42172","post","type-post","status-publish","format-standard","has-post-thumbnail","hentry","category-actual"],"_links":{"self":[{"href":"https:\/\/247stiri.ro\/index.php\/wp-json\/wp\/v2\/posts\/42172","targetHints":{"allow":["GET"]}}],"collection":[{"href":"https:\/\/247stiri.ro\/index.php\/wp-json\/wp\/v2\/posts"}],"about":[{"href":"https:\/\/247stiri.ro\/index.php\/wp-json\/wp\/v2\/types\/post"}],"replies":[{"embeddable":true,"href":"https:\/\/247stiri.ro\/index.php\/wp-json\/wp\/v2\/comments?post=42172"}],"version-history":[{"count":0,"href":"https:\/\/247stiri.ro\/index.php\/wp-json\/wp\/v2\/posts\/42172\/revisions"}],"wp:featuredmedia":[{"embeddable":true,"href":"https:\/\/247stiri.ro\/index.php\/wp-json\/wp\/v2\/media\/42173"}],"wp:attachment":[{"href":"https:\/\/247stiri.ro\/index.php\/wp-json\/wp\/v2\/media?parent=42172"}],"wp:term":[{"taxonomy":"category","embeddable":true,"href":"https:\/\/247stiri.ro\/index.php\/wp-json\/wp\/v2\/categories?post=42172"},{"taxonomy":"post_tag","embeddable":true,"href":"https:\/\/247stiri.ro\/index.php\/wp-json\/wp\/v2\/tags?post=42172"}],"curies":[{"name":"wp","href":"https:\/\/api.w.org\/{rel}","templated":true}]}}