{"id":42213,"date":"2025-03-24T20:45:46","date_gmt":"2025-03-24T20:45:46","guid":{"rendered":"https:\/\/247stiri.ro\/index.php\/2025\/03\/24\/anca-alexandrescu-mesaj-crucial-inainte-de-ziua-de-26-martie-va-rog-sa-nu-cadeam-in-capcana-sa-nu-fim-dezbinati-eu-insami-as-fi-intr-o-situatie-delicata\/"},"modified":"2025-03-24T20:45:46","modified_gmt":"2025-03-24T20:45:46","slug":"anca-alexandrescu-mesaj-crucial-inainte-de-ziua-de-26-martie-va-rog-sa-nu-cadeam-in-capcana-sa-nu-fim-dezbinati-eu-insami-as-fi-intr-o-situatie-delicata","status":"publish","type":"post","link":"https:\/\/247stiri.ro\/index.php\/2025\/03\/24\/anca-alexandrescu-mesaj-crucial-inainte-de-ziua-de-26-martie-va-rog-sa-nu-cadeam-in-capcana-sa-nu-fim-dezbinati-eu-insami-as-fi-intr-o-situatie-delicata\/","title":{"rendered":"Anca Alexandrescu, mesaj crucial \u00eenainte de ziua de 26 martie : V\u0103 rog, s\u0103 nu c\u0103deam \u00een capcan\u0103, s\u0103 nu fim dezbina\u021bi. Eu \u00eens\u0103mi a\u0219 fi \u00eentr-o situa\u021bie delicat\u0103"},"content":{"rendered":"<p>\u00cen editorialul edi\u021biei de luni a emisiunii Culisele Statului Paralel, Anca Alexandrescu a f\u0103cut un apel c\u0103tre to\u021bi simpatizan\u021bii lui C\u0103lin Georgescu s\u0103 \u00een\u021beleag\u0103 faptul c\u0103 s-a creat o situa\u021bie ciudat\u0103 \u0219i c\u0103 trebuie s\u0103 treac\u0103 peste orgolii, altfel \u00eentregul curent suveranist risc\u0103 s\u0103 aib\u0103 de suferit.<\/p>\n<p>&#8222;\u00cencerc s\u0103 o gestionez cu delicate\u021be, faptul c\u0103 timp de 3 luni am fost necondi\u021bionat al\u0103turi de ceea ce reprezint\u0103 C\u0103lin Georgescu, principiile sale, ideile pe care le-a promovat, care au dus la aceast\u0103 trezire a poporului rom\u00e2n, m\u0103 oblig\u0103, \u00een aceste 5 s\u0103pt\u0103m\u00e2ni, s\u0103-mi p\u0103strez echilibrul, verticalitatea \u0219i s\u0103 nu m\u0103 las dobor\u00e2t\u0103 de nicio \u00eencercare de a m\u0103 pune la p\u0103m\u00e2nt.<\/p>\n<p>Prima \u00eencercare delicat\u0103 pentru mine este ziua de miercuri, 26 martie \u0219i am s\u0103 v\u0103 spun de ce: s\u0103pt\u0103m\u00e2na trecut\u0103, c\u00e2nd George Simion a fost aici, \u00een platou, la Culisele Statului Paralel, a anun\u021bat ac\u021biunea pe 26 martie, \u00een Pia\u021ba Victoriei, la ora 17:30, spun\u00e2nd c\u0103 \u00eenainte vor s\u0103 mearg\u0103 la Biroul Electoral Central.<\/p>\n<p>Imediat dup\u0103 emisiunea au fost mai mul\u021bi telespectatori care m-au acuzat de tr\u0103dare pentru c\u0103 erau mai mul\u021bi rom\u00e2ni, inclusiv din diaspora, care anun\u021baser\u0103 o ac\u021biune pe 26 martie, la ora 12:00, \u00een Pia\u021ba Constitu\u021biei. Habar n-am avut.<\/p>\n<p>Eu nu vreau s\u0103 fiu element de dezbinare. Dimpotriv\u0103. Ast\u0103zi mi-au scris mai mul\u021bi telespectatori c\u0103 sunt confuzi \u0219i nu \u0219tiu dac\u0103 trebuie s\u0103 mearg\u0103 \u00een Pia\u021ba Constitu\u021biei pe 26 martie, la ora 12:00 sau \u00een Pia\u021ba Victoriei, tot pe 26 martie, la ora 17:30?<\/p>\n<p>Fac un apel c\u0103tre ambii organizatori, v\u0103 rog frumos, pentru domnul Georgescu \u0219i tot ceea ce a creat domnul Georgescu \u00een aceste 3 luni, pentru ceea ce a reu\u0219it pentru acest val, pentru acest entuziasm, pentru aceast\u0103 speran\u021b\u0103, v\u0103 rog frumos, pune\u021bi-v\u0103 de acord \u0219i organiza\u021bi \u00eentr-un singur loc. Nu ajut\u0103 nim\u0103nui s\u0103 ar\u0103t\u0103m c\u0103 suntem dezbina\u021bi \u0219i \u00eemp\u0103r\u021bi\u021bi. Eu \u00eens\u0103mi a\u0219 fi \u00eentr-o situa\u021bie delicat\u0103. Nu pot s\u0103 m\u0103 duc \u00een ambele locuri, ca s\u0103 \u00eencurajez dezbinarea, Vreau s\u0103 merg \u00eentr-un singur loc. De aceea fac un apel: v\u0103 rog, fi\u021bi responsabili \u0219i \u00een\u021belep\u021bi.<\/p>\n<p>Avem o \u0219ans\u0103 uria\u0219\u0103, sigur, f\u0103r\u0103 a renun\u021ba la ideea de \u201cturul doi\u201d \u0219i de a lua \u021bara \u00eenapoi, a\u0219a cum spune Marius Tuc\u0103 \u0219i a\u0219a cum spun mul\u021bi al\u021bii. Nu pica\u021bi \u00een aceast\u0103 capcan\u0103, v\u0103 spun clar, dac\u0103 nu v\u0103 \u00een\u021belege\u021bi s\u0103 face\u021bi \u00eentr-un singur loc, eu nu voi participa la niciunul dintre evenimente. V\u0103 rog, este o \u0219ans\u0103 extraordinar\u0103, eu nu spun s\u0103 merge\u021bi \u00eentr-un loc sau altul, ci doar fac un apel c\u0103tre organizatori s\u0103 se pun\u0103 de acord. Altfel, m\u0103 tem c\u0103 26 martie nu va fi ceea ce ne dorim s\u0103 fie!&#8221;, a afirmat Anca Alexandrescu.<\/p>","protected":false},"excerpt":{"rendered":"<p>\u00cen editorialul edi\u021biei de luni a emisiunii Culisele Statului Paralel, Anca Alexandrescu a f\u0103cut un&hellip;<\/p>\n","protected":false},"author":0,"featured_media":42211,"comment_status":"open","ping_status":"open","sticky":false,"template":"","format":"standard","meta":{"footnotes":""},"categories":[2],"tags":[],"class_list":["post-42213","post","type-post","status-publish","format-standard","has-post-thumbnail","hentry","category-actual"],"_links":{"self":[{"href":"https:\/\/247stiri.ro\/index.php\/wp-json\/wp\/v2\/posts\/42213","targetHints":{"allow":["GET"]}}],"collection":[{"href":"https:\/\/247stiri.ro\/index.php\/wp-json\/wp\/v2\/posts"}],"about":[{"href":"https:\/\/247stiri.ro\/index.php\/wp-json\/wp\/v2\/types\/post"}],"replies":[{"embeddable":true,"href":"https:\/\/247stiri.ro\/index.php\/wp-json\/wp\/v2\/comments?post=42213"}],"version-history":[{"count":0,"href":"https:\/\/247stiri.ro\/index.php\/wp-json\/wp\/v2\/posts\/42213\/revisions"}],"wp:featuredmedia":[{"embeddable":true,"href":"https:\/\/247stiri.ro\/index.php\/wp-json\/wp\/v2\/media\/42211"}],"wp:attachment":[{"href":"https:\/\/247stiri.ro\/index.php\/wp-json\/wp\/v2\/media?parent=42213"}],"wp:term":[{"taxonomy":"category","embeddable":true,"href":"https:\/\/247stiri.ro\/index.php\/wp-json\/wp\/v2\/categories?post=42213"},{"taxonomy":"post_tag","embeddable":true,"href":"https:\/\/247stiri.ro\/index.php\/wp-json\/wp\/v2\/tags?post=42213"}],"curies":[{"name":"wp","href":"https:\/\/api.w.org\/{rel}","templated":true}]}}