{"id":42217,"date":"2025-03-24T21:45:28","date_gmt":"2025-03-24T21:45:28","guid":{"rendered":"https:\/\/247stiri.ro\/index.php\/2025\/03\/24\/dieta-minune-a-oanei-radu-cum-a-slabit-13-kg-in-doar-20-de-zile-video\/"},"modified":"2025-03-24T21:45:28","modified_gmt":"2025-03-24T21:45:28","slug":"dieta-minune-a-oanei-radu-cum-a-slabit-13-kg-in-doar-20-de-zile-video","status":"publish","type":"post","link":"https:\/\/247stiri.ro\/index.php\/2025\/03\/24\/dieta-minune-a-oanei-radu-cum-a-slabit-13-kg-in-doar-20-de-zile-video\/","title":{"rendered":"Dieta minune a Oanei Radu! Cum a sl\u0103bit 13 kg \u00een doar 20 de zile &#8211; VIDEO"},"content":{"rendered":"<p>O transformare rapid\u0103, dar controversat\u0103<\/p>\n<p>\u00centr-un videoclip postat pe re\u021belele de socializare, <a href=\"https:\/\/www.realitatea.net\/stiri\/actual\/cantareata-oana-radu-dezvaluiri-despre-relatia-abuziva-si-mancatul-compulsiv-cum-a-reusit-sa-slabeasca-de-la-120-de-kilograme_66dbe43ff44714708421ece2\" target=\"_blank\">Oana Radu a \u00eemp\u0103rt\u0103\u0219it<\/a> imagini \u201e\u00eenainte \u0219i dup\u0103\u201d, ar\u0103t\u00e2nd rezultatele impresionante ale eforturilor sale. \u201e13 kilograme sl\u0103bite \u00een 20 de zile. Singur\u0103 \u0219i f\u0103r\u0103 niciun ajutor. Am f\u0103cut din visele mele un lucru m\u0103re\u021b\u201d, a scris artista.<\/p>\n<p>Dezv\u0103luirea sa a generat numeroase comentarii, unii admir\u00e2nd determinarea ei, \u00een timp ce al\u021bii \u0219i-au exprimat \u00eengrijorarea cu privire la impactul unei pierderi \u00een greutate at\u00e2t de rapide asupra s\u0103n\u0103t\u0103\u021bii. \u201eFelicit\u0103ri, dar nu ar trebui promovat\u0103 o astfel de diet\u0103\u201d, a comentat un urm\u0103ritor, \u00een timp ce altcineva a ad\u0103ugat: \u201eEste mult pentru organism s\u0103 sl\u0103be\u0219ti at\u00e2t de repede, indiferent c\u00e2t de s\u0103n\u0103tos ai fi.\u201d<\/p>\n<p>R\u0103spunsul Oanei Radu: \u201e\u00cemi asum tot ce fac\u201d<\/p>\n<p>Artista nu a ezitat s\u0103 abordeze subiectul kilogramelor \u00een plus, recunosc\u00e2nd c\u0103 a luat \u00een greutate dup\u0103 divor\u021b, dar \u0219i c\u0103 acum a ales s\u0103 revin\u0103 la o diet\u0103 strict\u0103. \u201eSunt gras\u0103, da, \u0219i nu ocolesc elefantul din camer\u0103. Dar dac\u0103 m-a\u021bi fi v\u0103zut acum dou\u0103 s\u0103pt\u0103m\u00e2ni, c\u00e2nd aveam cu 13 kilograme mai mult, cred c\u0103 \u0219ocul ar fi fost \u0219i mai mare\u201d, a spus ea \u00eentr-un videoclip pe TikTok.<\/p>\n<p>Oana Radu a explicat c\u0103 a ales o diet\u0103 extrem\u0103, dar a subliniat c\u0103 \u00ee\u0219i cunoa\u0219te foarte bine corpul \u0219i \u0219tie cum s\u0103 sl\u0103beasc\u0103 rapid. \u201eDietele super rapide pot fi periculoase dac\u0103 nu \u00ee\u021bi cuno\u0219ti organismul. Nu recomand nim\u0103nui s\u0103 fac\u0103 la fel ca mine, dar eu \u0219tiu exact ce func\u021bioneaz\u0103 pentru mine.\u201d<\/p>\n<p>\u201eMi-am dat seama de un lucru. Oamenii care m-au v\u0103zut acum la concert probabil au avut un \u0219oc emo\u021bional mare, pentru c\u0103 diferen\u021ba dintre mine acum \u0219i c\u00e2nd aveam 57 de kilograme e destul de mare. Eu sunt \u00eentr-un moment al vie\u021bii mele foarte bun, sunt foarte fericit\u0103 \u0219i m\u0103 simt foarte bine \u00een pielea mea. Dar nu v\u0103 face\u021bi griji, nu r\u0103m\u00e2ne nimeni gras. Nu se va \u00eent\u00e2mpla lucrul \u0103sta.<\/p>\n<p>Voi nu \u00een\u021belege\u021bi sau nu \u0219ti\u021bi c\u0103, dup\u0103 ce stai foarte mult la \u201epu\u0219c\u0103rie\u201d, c\u00e2nd ie\u0219i, vrei s\u0103 faci de toate. Un an am m\u00e2ncat tot ce am vrut \u0219i \u00eemi asum. De vreo trei s\u0103pt\u0103m\u00e2ni am \u00eenceput o diet\u0103. Am sl\u0103bit 13 kilograme \u00een dou\u0103 s\u0103pt\u0103m\u00e2ni. Eu mai am de lucrat la felul \u00een care ar\u0103t. Partea bun\u0103 e c\u0103 Oana \u0219tie s\u0103 sl\u0103beasc\u0103 repede, pentru c\u0103 am \u00eenv\u0103\u021bat foarte multe lucruri despre corpul meu. Dietele astea super rapide pot s\u0103-\u021bi pun\u0103 \u00een pericol s\u0103n\u0103tatea dac\u0103 nu stai foarte bine cu ea. Eu \u00eemi cunosc super bine organismul, e obi\u0219nuit cu schimb\u0103rile astea, din cauza asta \u0219i sunt deregl\u0103rile astea mari. Nu recomand a\u0219a ceva, nu e bine a\u0219a ceva. Iubi\u021bi-v\u0103 a\u0219a cum sunte\u021bi\u201d, a mai spus c\u00e2nt\u0103rea\u021ba.<\/p>\n<p>Preg\u0103tiri pentru nunt\u0103: visul unei ceremonii de poveste<\/p>\n<p>Pe l\u00e2ng\u0103 transformarea sa fizic\u0103, <a href=\"https:\/\/www.realitatea.net\/stiri\/actual\/drama-vedetei-din-romania-care-a-slabit-65-de-kilograme-dar-sa-ingrasat-la-loc-nu-pot-sa-ma-abtin_65ef60e01cca283231591a22\" target=\"_blank\">Oana Radu se preg\u0103te\u0219te<\/a> pentru un nou capitol \u00een via\u021ba sa: nunta cu logodnicul s\u0103u, \u0218erban Balaban. Cei doi \u00ee\u0219i doresc o petrecere de logodn\u0103 pe Coasta de Azur sau pe malul Lacului Como, urmat\u0103 de o cununie civil\u0103 \u00eentr-un cadru restr\u00e2ns, al\u0103turi de cei mai apropia\u021bi oameni.<\/p>\n<p>Evenimentul grandios va include aproximativ 300-400 de invita\u021bi, iar artista viseaz\u0103 la o atmosfer\u0103 elegant\u0103, dominat\u0103 de alb \u0219i voaluri diafane. \u201eMi-am dorit \u00eentotdeauna o nunt\u0103 ca \u00een pove\u0219ti\u201d, a m\u0103rturisit ea. Printre arti\u0219tii pe care i-ar vrea la petrecere se num\u0103r\u0103 Clejanii, Leo de la Ro\u0219iori \u0219i Bogdan de la Ploie\u0219ti.<\/p>\n<p>De\u0219i data exact\u0103 nu a fost stabilit\u0103, Oana \u0219i \u0218erban sunt \u00eencrez\u0103tori c\u0103 vor putea organiza rapid totul. \u201eVa fi un eveniment de neuitat, iar noi suntem gata s\u0103 ne bucur\u0103m de fiecare moment\u201d, a spus artista.<\/p>\n<p>Fie c\u0103 este vorba despre transform\u0103rile sale spectaculoase sau despre planurile de viitor, Oana Radu continu\u0103 s\u0103 fie \u00een centrul aten\u021biei, inspir\u00e2nd \u0219i provoc\u00e2nd discu\u021bii aprinse \u00een r\u00e2ndul fanilor s\u0103i.<\/p>\n<p><a title=\"@eusuntoanaradu\" href=\"https:\/\/www.tiktok.com\/@eusuntoanaradu?refer=embed\" target=\"_blank\">@eusuntoanaradu<\/a><\/p>\n<p>SLABESTECUOANA.RO<\/p>\n<p><a title=\"\u266c sunet original - Oana Radu\" href=\"https:\/\/www.tiktok.com\/music\/sunet-original-7485051467997481750?refer=embed\" target=\"_blank\">\u266c sunet original &#8211; Oana Radu<\/a><\/p>","protected":false},"excerpt":{"rendered":"<p>O transformare rapid\u0103, dar controversat\u0103 \u00centr-un videoclip postat pe re\u021belele de socializare, Oana Radu a&hellip;<\/p>\n","protected":false},"author":0,"featured_media":42218,"comment_status":"open","ping_status":"open","sticky":false,"template":"","format":"standard","meta":{"footnotes":""},"categories":[8],"tags":[],"class_list":["post-42217","post","type-post","status-publish","format-standard","has-post-thumbnail","hentry","category-lifestyle"],"_links":{"self":[{"href":"https:\/\/247stiri.ro\/index.php\/wp-json\/wp\/v2\/posts\/42217","targetHints":{"allow":["GET"]}}],"collection":[{"href":"https:\/\/247stiri.ro\/index.php\/wp-json\/wp\/v2\/posts"}],"about":[{"href":"https:\/\/247stiri.ro\/index.php\/wp-json\/wp\/v2\/types\/post"}],"replies":[{"embeddable":true,"href":"https:\/\/247stiri.ro\/index.php\/wp-json\/wp\/v2\/comments?post=42217"}],"version-history":[{"count":0,"href":"https:\/\/247stiri.ro\/index.php\/wp-json\/wp\/v2\/posts\/42217\/revisions"}],"wp:featuredmedia":[{"embeddable":true,"href":"https:\/\/247stiri.ro\/index.php\/wp-json\/wp\/v2\/media\/42218"}],"wp:attachment":[{"href":"https:\/\/247stiri.ro\/index.php\/wp-json\/wp\/v2\/media?parent=42217"}],"wp:term":[{"taxonomy":"category","embeddable":true,"href":"https:\/\/247stiri.ro\/index.php\/wp-json\/wp\/v2\/categories?post=42217"},{"taxonomy":"post_tag","embeddable":true,"href":"https:\/\/247stiri.ro\/index.php\/wp-json\/wp\/v2\/tags?post=42217"}],"curies":[{"name":"wp","href":"https:\/\/api.w.org\/{rel}","templated":true}]}}