{"id":42226,"date":"2025-03-24T21:45:33","date_gmt":"2025-03-24T21:45:33","guid":{"rendered":"https:\/\/247stiri.ro\/index.php\/2025\/03\/24\/verginia-curtuius-a-avut-parte-de-un-sfarsit-cumplit-activista-neobosita-si-a-pierdut-viata-intr-un-incendiu-devastator-la-doar-67-de-ani\/"},"modified":"2025-03-24T21:45:33","modified_gmt":"2025-03-24T21:45:33","slug":"verginia-curtuius-a-avut-parte-de-un-sfarsit-cumplit-activista-neobosita-si-a-pierdut-viata-intr-un-incendiu-devastator-la-doar-67-de-ani","status":"publish","type":"post","link":"https:\/\/247stiri.ro\/index.php\/2025\/03\/24\/verginia-curtuius-a-avut-parte-de-un-sfarsit-cumplit-activista-neobosita-si-a-pierdut-viata-intr-un-incendiu-devastator-la-doar-67-de-ani\/","title":{"rendered":"Verginia Curtuiu\u0219 a avut parte de un sf\u00e2r\u0219it CUMPLIT! Activista neobosit\u0103 \u0219i-a pierdut via\u021ba \u00eentr-un incendiu devastator la doar 67 de ani"},"content":{"rendered":"<p>Eforturi disperate de salvare<\/p>\n<p>\u00cen v\u00e2rst\u0103 de 67 de ani, Verginia Curtuiu\u0219 a fost scoas\u0103 din locuin\u021ba \u00een fl\u0103c\u0103ri de un pompier voluntar, care a reu\u0219it s\u0103 o resusciteze cu ajutorul echipajului SMURD. Din p\u0103cate, femeia, care suferise intoxica\u021bie sever\u0103 cu fum \u0219i arsuri, nu a supravie\u021buit mai mult de o noapte. Mama sa, o femeie \u00een v\u00e2rst\u0103 de aproape 90 de ani, a fost \u0219i ea salvat\u0103, \u00eens\u0103 se afl\u0103 \u00een stare critic\u0103 la sec\u021bia de Terapie Intensiv\u0103.<\/p>\n<p><a href=\"https:\/\/www.realitatea.net\/stiri\/actual\/doliu-in-muzica-romaneasca-un-mare-compozitor-si-profesor-sa-stins-din-viata_67e02b560b6e600da966a3a2\" target=\"_blank\">Pe l\u00e2ng\u0103 pierderile umane,<\/a> incendiul a pus \u00een pericol \u0219i zeci de animale pe care Verginia le \u00eengrijea. O parte dintre pisicile sale adoptate au fost salvate de voluntari, care au riscat intr\u00e2nd printre r\u0103m\u0103\u0219i\u021bele fumeg\u00e2nde ale casei pentru a le recupera.<\/p>\n<p>O via\u021b\u0103 dedicat\u0103 drept\u0103\u021bii \u0219i binelui comun<\/p>\n<p>Verginia Curtuiu\u0219 a fost inginer de profesie \u0219i a tr\u0103it o mare parte a vie\u021bii sale \u00een Bucure\u0219ti. A fost o voce puternic\u0103 \u00een societatea civil\u0103, particip\u00e2nd activ la proteste \u0219i sus\u021bin\u00e2nd constant valorile democratice. Pentru o perioad\u0103, a fost implicat\u0103 \u0219i \u00een politic\u0103, f\u0103c\u00e2nd parte din structurile de conducere ale partidului M10, fondat de Monica Macovei.<\/p>\n<p>Apropia\u021bii o descriu ca pe un om de o rar\u0103 determinare, care nu a renun\u021bat niciodat\u0103 la principiile sale. Fie c\u0103 era vorba despre protestele din Pia\u021ba Victoriei sau despre gesturile sale de ajutor pentru cei afla\u021bi \u00een nevoie, Verginia Curtuiu\u0219 a fost un exemplu de implicare \u0219i altruism.Un ultim omagiu<\/p>\n<p>Verginia Curtuiu\u0219 a fost condus\u0103 pe ultimul drum luni, \u00een comuna sa natal\u0103, unde se retr\u0103sese pentru a avea grij\u0103 de mama sa. Dispari\u021bia sa las\u0103 un<a href=\"https:\/\/www.realitatea.net\/stiri\/sport\/doliu-in-lumea-sportului-romanesc-fost-medaliat-olimpic-gasit-mort-in-casa-barbatul-locuia-singur_67dbc4cf886bbd504c5ea473\" target=\"_blank\"> gol imens at\u00e2t \u00een comunitatea local\u0103,<\/a> c\u00e2t \u0219i \u00een r\u00e2ndul celor care au cunoscut-o ca activist\u0103 neobosit\u0103.<\/p>\n<p>\u201eDe fiecare dat\u0103 c\u00e2nd un om bun pleac\u0103 dintre noi, lumea devine mai s\u0103rac\u0103.Am aflat cu profund\u0103 triste\u021be despre trecerea \u00een nefiin\u021b\u0103 a Verginiei Curtuius. A fost unul dintre acei oameni rari, al c\u0103ror curaj \u0219i devotament pentru valorile \u00een care cred r\u0103m\u00e2n un exemplu pentru noi to\u021bi. Prezent\u0103 neobosit \u00een Pia\u021ba Victoriei, indiferent de vreme sau de vremuri, Verginia nu a renun\u021bat niciodat\u0103 la lupta pentru o Rom\u00e2nie dreapt\u0103. Chiar \u0219i atunci c\u00e2nd entuziasmul mul\u021bimilor s-a risipit, ea a continuat s\u0103 fie acolo, al\u0103turi de cei care refuzau s\u0103 cedeze.A fost un suflet cald, un om care g\u0103sea mereu un cuv\u00e2nt bun pentru ceilal\u021bi. Un spirit puternic, dedicat adev\u0103rului \u0219i drept\u0103\u021bii. Ne-o vom aminti cu respect \u0219i recuno\u0219tin\u021b\u0103, a\u0219a cum ne-o amintim \u0219i pe Irina Andrie\u0219, plecat\u0103 prea devreme dintre noi. Am\u00e2ndou\u0103 au fost printre acei oameni de lumin\u0103 care nu se sting, ci \u00ee\u0219i duc flac\u0103ra mai departe, dincolo de aceast\u0103 lume.Ast\u0103zi, P\u0103m\u00e2ntul este pu\u021bin mai \u00eentunecat, dar credem c\u0103, undeva acolo sus, Verginia \u0219i Irina s-au reg\u0103sit.Dumnezeu s-o odihneasc\u0103 \u00een pace!\u201d, au transmis oamenii \u00een mediul online.<\/p>","protected":false},"excerpt":{"rendered":"<p>Eforturi disperate de salvare \u00cen v\u00e2rst\u0103 de 67 de ani, Verginia Curtuiu\u0219 a fost scoas\u0103&hellip;<\/p>\n","protected":false},"author":0,"featured_media":42227,"comment_status":"open","ping_status":"open","sticky":false,"template":"","format":"standard","meta":{"footnotes":""},"categories":[2],"tags":[],"class_list":["post-42226","post","type-post","status-publish","format-standard","has-post-thumbnail","hentry","category-actual"],"_links":{"self":[{"href":"https:\/\/247stiri.ro\/index.php\/wp-json\/wp\/v2\/posts\/42226","targetHints":{"allow":["GET"]}}],"collection":[{"href":"https:\/\/247stiri.ro\/index.php\/wp-json\/wp\/v2\/posts"}],"about":[{"href":"https:\/\/247stiri.ro\/index.php\/wp-json\/wp\/v2\/types\/post"}],"replies":[{"embeddable":true,"href":"https:\/\/247stiri.ro\/index.php\/wp-json\/wp\/v2\/comments?post=42226"}],"version-history":[{"count":0,"href":"https:\/\/247stiri.ro\/index.php\/wp-json\/wp\/v2\/posts\/42226\/revisions"}],"wp:featuredmedia":[{"embeddable":true,"href":"https:\/\/247stiri.ro\/index.php\/wp-json\/wp\/v2\/media\/42227"}],"wp:attachment":[{"href":"https:\/\/247stiri.ro\/index.php\/wp-json\/wp\/v2\/media?parent=42226"}],"wp:term":[{"taxonomy":"category","embeddable":true,"href":"https:\/\/247stiri.ro\/index.php\/wp-json\/wp\/v2\/categories?post=42226"},{"taxonomy":"post_tag","embeddable":true,"href":"https:\/\/247stiri.ro\/index.php\/wp-json\/wp\/v2\/tags?post=42226"}],"curies":[{"name":"wp","href":"https:\/\/api.w.org\/{rel}","templated":true}]}}