{"id":42239,"date":"2025-03-24T22:45:25","date_gmt":"2025-03-24T22:45:25","guid":{"rendered":"https:\/\/247stiri.ro\/index.php\/2025\/03\/24\/bolojan-spune-ca-com-avea-o-crestere-etapizata-a-cheltuielilor-militare-care-este-tinta-ca-procent-din-pib\/"},"modified":"2025-03-24T22:45:25","modified_gmt":"2025-03-24T22:45:25","slug":"bolojan-spune-ca-com-avea-o-crestere-etapizata-a-cheltuielilor-militare-care-este-tinta-ca-procent-din-pib","status":"publish","type":"post","link":"https:\/\/247stiri.ro\/index.php\/2025\/03\/24\/bolojan-spune-ca-com-avea-o-crestere-etapizata-a-cheltuielilor-militare-care-este-tinta-ca-procent-din-pib\/","title":{"rendered":"Bolojan spune c\u0103 com avea o cre\u0219tere etapizat\u0103 a cheltuielilor militare. Care este \u021binta, ca procent din PIB"},"content":{"rendered":"<p>\u201dEu cred c\u0103 \u00een perioada urm\u0103toare aceste aspecte legate de cre\u0219tere \u0219i de ritmul \u00een care va cre\u0219te bugetul de ap\u0103rare se vor clarifica prin discu\u021biile tehnice care vor avea loc \u00eentre responsabilii din NATO \u00een preg\u0103tirea summit-ului (n.r. de la Haga). Nu cred c\u0103 vom avea o cre\u0219tere de pe o zi pe alta a cheltuielilor militare. Cred c\u0103 vom cre\u0219te \u00eentr-o formul\u0103 etapizat\u0103. Dac\u0103 ast\u0103zi avem 2,2%, am putea s\u0103 ajungem la 2,7%, la 3, 3,5%, nu \u0219tiu, dar cred \u00eentr-o cre\u0219tere etapizat\u0103, nu de pe un an pe altul, \u00een doi-trei ani de zile, \u00een a\u0219a fel \u00eenc\u00e2t prin strategia care se va stabili, pe de o parte, s\u0103 ne continu\u0103m achizi\u021biile care s\u0103 ne consolideze for\u021bele noastre armate \u0219i, pe de alt\u0103 parte, s\u0103 facem achizi\u021bii integrate la nivel de NATO, la nivel european, \u00een a\u0219a fel \u00eenc\u00e2t s\u0103 particip\u0103m la activele militare de protec\u021bie care nu pot fi gestionate de o singur\u0103 \u021bar\u0103, cum este, de exemplu, Rom\u00e2nia\u201d, a spus Bolojan, \u00een cadrul unui interviu tv.<\/p>\n<p><a title=\"Bolojan il aduce la butoane pe omul lui Ponta. Controversatul Florin-Lazar Vladica, numit sef la Departamentul Securitatii Nationale\" href=\"https:\/\/www.realitatea.net\/stiri\/actual\/bolojan-il-aduce-la-butoane-pe-omul-lui-ponta-controversatul-florinlazar-vladica-numit-sef-la-departamentul-securitatii-nationale_67e049f0f670fd316d543b92\">Bolojan \u00eel aduce la butoane pe omul lui Ponta. Controversatul Florin-Laz\u0103r Vl\u0103dic\u0103, numit \u0219ef la Departamentul Securit\u0103\u021bii Na\u021bionale<\/a><\/p>\n<p>El a precizat c\u0103 este important ca \u00een perioada urm\u0103toare s\u0103 se lucreze pentru ca aceast\u0103 suplimentare a bugetului de ap\u0103rare s\u0103 se reg\u0103seasc\u0103 par\u021bial \u0219i \u00een economia rom\u00e2neasc\u0103.\u201dAce\u0219ti bani este important s\u0103 fie da\u021bi, nu exclusiv pentru a achizi\u021biona armament din alte \u021b\u0103ri, ceea ce vom trebui s\u0103 facem, pentru c\u0103 nu avem capacit\u0103\u021bi s\u0103 producem armamente sofisticate \u00een Rom\u00e2nia, dar va trebui s\u0103 integr\u0103m \u0219i industria noastr\u0103 de ap\u0103rare \u00een lan\u021burile valorice ale industriei militare NATO sau europene, \u00een a\u0219a fel \u00eenc\u00e2t componente sau efectiv aproape \u00eentreaga structur\u0103 a unui echipament militar s\u0103 fie produse aici sau companii rom\u00e2ne\u0219ti s\u0103 fac\u0103 parte din aceste lan\u021buri \u0219i, dup\u0103 discu\u021biile tehnice care au avut loc, urmeaz\u0103 s\u0103 facem \u00eent\u00e2lniri cu industria noastr\u0103 de ap\u0103rare, \u00een a\u0219a fel \u00eenc\u00e2t s\u0103 vedem care este capacitatea lor de a intra \u00een astfel de parteneriate, av\u00e2nd \u00een vedere c\u0103 o parte din banii europeni, care sunt pu\u0219i la dispozi\u021bie pentru a fi luate sub forma unor credite foarte avantajoase de \u021b\u0103ri, vor fi accesa\u021bi exact cum ai depune o aplica\u021bie de finan\u021bare de bani europeni. Vor fi ni\u0219te condi\u021bii. Trebuie s\u0103 te asociezi mai multe \u021b\u0103ri &#8211; sau \u021b\u0103ri din Uniunea European\u0103 sau \u021b\u0103ri din NATO sau \u021b\u0103ri care sunt \u00een faza de preaderare, de exemplu, cum este Republica Moldova, dau un exemplu &#8211; \u00een a\u0219a fel \u00eenc\u00e2t s\u0103 depui o cerere de finan\u021bare. \u00cen urma evalu\u0103rii \u021bi se va comunica suma pe care o ai la dispozi\u021bie \u0219i apoi po\u021bi s\u0103 faci achizi\u021biile. E un pachet \u00eentreg \u0219i eu cred c\u0103 p\u00e2n\u0103 \u00een var\u0103 vom stabili toate aceste aspecte\u201d, a mai afirmat pre\u0219edintele interimar.\u00a0<\/p>\n<p><a title=\"Bolojan si Predoiu, discutii inainte de alegeri: ce pun la cale presedintele interimar si seful de la Interne\" href=\"https:\/\/www.realitatea.net\/stiri\/politica\/bolojan-si-predoiu-discutii-inainte-de-alegeri-ce-pun-la-cale-preedintele-interimar-si-seful-de-la-interne_67e10bd7b7dcf133ce5eb1e3\">Bolojan \u0219i Predoiu, discu\u021bii \u00eenainte de alegeri: ce pun la cale pre\u0219edintele interimar \u0219i \u0219eful de la Interne<\/a><\/p>","protected":false},"excerpt":{"rendered":"<p>\u201dEu cred c\u0103 \u00een perioada urm\u0103toare aceste aspecte legate de cre\u0219tere \u0219i de ritmul \u00een&hellip;<\/p>\n","protected":false},"author":0,"featured_media":42236,"comment_status":"open","ping_status":"open","sticky":false,"template":"","format":"standard","meta":{"footnotes":""},"categories":[2],"tags":[],"class_list":["post-42239","post","type-post","status-publish","format-standard","has-post-thumbnail","hentry","category-actual"],"_links":{"self":[{"href":"https:\/\/247stiri.ro\/index.php\/wp-json\/wp\/v2\/posts\/42239","targetHints":{"allow":["GET"]}}],"collection":[{"href":"https:\/\/247stiri.ro\/index.php\/wp-json\/wp\/v2\/posts"}],"about":[{"href":"https:\/\/247stiri.ro\/index.php\/wp-json\/wp\/v2\/types\/post"}],"replies":[{"embeddable":true,"href":"https:\/\/247stiri.ro\/index.php\/wp-json\/wp\/v2\/comments?post=42239"}],"version-history":[{"count":0,"href":"https:\/\/247stiri.ro\/index.php\/wp-json\/wp\/v2\/posts\/42239\/revisions"}],"wp:featuredmedia":[{"embeddable":true,"href":"https:\/\/247stiri.ro\/index.php\/wp-json\/wp\/v2\/media\/42236"}],"wp:attachment":[{"href":"https:\/\/247stiri.ro\/index.php\/wp-json\/wp\/v2\/media?parent=42239"}],"wp:term":[{"taxonomy":"category","embeddable":true,"href":"https:\/\/247stiri.ro\/index.php\/wp-json\/wp\/v2\/categories?post=42239"},{"taxonomy":"post_tag","embeddable":true,"href":"https:\/\/247stiri.ro\/index.php\/wp-json\/wp\/v2\/tags?post=42239"}],"curies":[{"name":"wp","href":"https:\/\/api.w.org\/{rel}","templated":true}]}}