{"id":42256,"date":"2025-03-25T05:45:31","date_gmt":"2025-03-25T05:45:31","guid":{"rendered":"https:\/\/247stiri.ro\/index.php\/2025\/03\/25\/doar-o-zi-pana-la-manifestatia-pro-calin-georgescu-pe-26-martie-romanii-il-sarbatoresc-in-strada-pe-fostul-candidat-la-prezidentiale\/"},"modified":"2025-03-25T05:45:31","modified_gmt":"2025-03-25T05:45:31","slug":"doar-o-zi-pana-la-manifestatia-pro-calin-georgescu-pe-26-martie-romanii-il-sarbatoresc-in-strada-pe-fostul-candidat-la-prezidentiale","status":"publish","type":"post","link":"https:\/\/247stiri.ro\/index.php\/2025\/03\/25\/doar-o-zi-pana-la-manifestatia-pro-calin-georgescu-pe-26-martie-romanii-il-sarbatoresc-in-strada-pe-fostul-candidat-la-prezidentiale\/","title":{"rendered":"Doar o zi p\u00e2n\u0103 la manifesta\u021bia pro C\u0103lin Georgescu. Pe 26 martie, rom\u00e2nii \u00eel s\u0103rb\u0103toresc \u00een strad\u0103 pe fostul candidat la preziden\u021biale"},"content":{"rendered":"<p>Rom\u00e2nii at\u00e2t din \u021bar\u0103, c\u00e2t \u0219i din str\u0103in\u0103tate se mobilizeaz\u0103 pentru a-l s\u0103rb\u0103tori \u00een strad\u0103 pe C\u0103lin Georgescu m\u00e2ine, c\u00e2nd fostul candidat la alegerile preziden\u021biale \u00ee\u0219i s\u0103rb\u0103tore\u0219te ziua de na\u0219tere.\u00a0<\/p>\n<p>Oamenii se declar\u0103 \u00een continuare nemul\u021bumi\u021bi de faptul c\u0103 Georgescu nu a mai fost l\u0103sat s\u0103 candideze la alegerile din luna mai. Ace\u0219tia ies, astfel \u00een strad\u0103 pentru a-\u0219i ar\u0103ta \u00een contninuare sus\u021binerea.\u00a0<\/p>\n<p>Mai mult, liderul AUR George Simion va fi prezent \u0219i el \u00een strad\u0103 al\u0103turi de oameni.\u00a0\u00a0<\/p>","protected":false},"excerpt":{"rendered":"<p>Rom\u00e2nii at\u00e2t din \u021bar\u0103, c\u00e2t \u0219i din str\u0103in\u0103tate se mobilizeaz\u0103 pentru a-l s\u0103rb\u0103tori \u00een strad\u0103&hellip;<\/p>\n","protected":false},"author":0,"featured_media":42253,"comment_status":"open","ping_status":"open","sticky":false,"template":"","format":"standard","meta":{"footnotes":""},"categories":[2],"tags":[],"class_list":["post-42256","post","type-post","status-publish","format-standard","has-post-thumbnail","hentry","category-actual"],"_links":{"self":[{"href":"https:\/\/247stiri.ro\/index.php\/wp-json\/wp\/v2\/posts\/42256","targetHints":{"allow":["GET"]}}],"collection":[{"href":"https:\/\/247stiri.ro\/index.php\/wp-json\/wp\/v2\/posts"}],"about":[{"href":"https:\/\/247stiri.ro\/index.php\/wp-json\/wp\/v2\/types\/post"}],"replies":[{"embeddable":true,"href":"https:\/\/247stiri.ro\/index.php\/wp-json\/wp\/v2\/comments?post=42256"}],"version-history":[{"count":0,"href":"https:\/\/247stiri.ro\/index.php\/wp-json\/wp\/v2\/posts\/42256\/revisions"}],"wp:featuredmedia":[{"embeddable":true,"href":"https:\/\/247stiri.ro\/index.php\/wp-json\/wp\/v2\/media\/42253"}],"wp:attachment":[{"href":"https:\/\/247stiri.ro\/index.php\/wp-json\/wp\/v2\/media?parent=42256"}],"wp:term":[{"taxonomy":"category","embeddable":true,"href":"https:\/\/247stiri.ro\/index.php\/wp-json\/wp\/v2\/categories?post=42256"},{"taxonomy":"post_tag","embeddable":true,"href":"https:\/\/247stiri.ro\/index.php\/wp-json\/wp\/v2\/tags?post=42256"}],"curies":[{"name":"wp","href":"https:\/\/api.w.org\/{rel}","templated":true}]}}