{"id":42274,"date":"2025-03-25T06:44:55","date_gmt":"2025-03-25T06:44:55","guid":{"rendered":"https:\/\/247stiri.ro\/index.php\/2025\/03\/25\/robert-turcescu-declaratia-care-dinamiteaza-scena-politica-sua-sunt-atacate-mediatic-din-romania\/"},"modified":"2025-03-25T06:44:55","modified_gmt":"2025-03-25T06:44:55","slug":"robert-turcescu-declaratia-care-dinamiteaza-scena-politica-sua-sunt-atacate-mediatic-din-romania","status":"publish","type":"post","link":"https:\/\/247stiri.ro\/index.php\/2025\/03\/25\/robert-turcescu-declaratia-care-dinamiteaza-scena-politica-sua-sunt-atacate-mediatic-din-romania\/","title":{"rendered":"Robert Turcescu, declara\u021bia care dinamiteaz\u0103 scena politic\u0103: SUA sunt atacate mediatic din Rom\u00e2nia"},"content":{"rendered":"<p>C\u0103t\u0103lin Tolontan lanseaz\u0103 un atac direct la adresa Statelor Unite ale Americii. Jurnalistul care a pus bazele mai multor publica\u021bii care au primit fonduri de la USAID a scris un editorial \u00een care sus\u021bine c\u0103 JD Vance r\u0103sp\u00e2nde\u0219te minciuni despre Rom\u00e2nia.Tolontan a scris: &#8222;JD Vance, voi continua\u021bi s\u0103 min\u021bi\u021bi despre Rom\u00e2nia, noi continu\u0103m s\u0103 spunem adev\u0103rul despre voi. (&#8230;) Nu discut\u0103m de o democra\u021bie minion\u0103, care se las\u0103 cump\u0103rat\u0103 cu \u201ec\u00e2teva sute de mii de dolari\u201d, cum a spus, dispre\u021buitor, JD Vance, vicepre\u0219edintele Statelor Unite, despre Rom\u00e2nia&#8221;.Mutarea lui Tolontan a fost comentat\u0103 imediat de Robert Turcescu.<\/p>\n<p>&#8222;\u00cemi e o sil\u0103 infinit\u0103 de felul \u00een care, \u00een momentul de fa\u021b\u0103, &lt;&lt;cl\u0103titele&gt;&gt; s-au sucit \u0219i sunt anti americani \u0219i pe motive de Trump. De fapt, chestiunea e simpl\u0103. \u0218titi de ce s-au sucit? Pentru c\u0103 nu mai vine b\u0103nu\u021bul. Despre asta este vorba. S-au t\u0103iat fondurile USAID. B\u0103ie\u021bii \u0103\u0219tia primeau ni\u0219te granturi \u0219i dup\u0103 aceea se \u00eencruci\u0219au \u00eentre ei \u0219i mai ciuguleau, apoi se duceau la alt simpozion organizat de alt\u0103 asocia\u021bie \u0219i mai ciuguleau \u0219i de acolo. C\u00e2nd au venit \u0103\u0219tia \u0219i au t\u0103iat a fost jale, s-a pl\u00e2ns mult, a fost neorocire curat\u0103&#8221;, a declarat Turcescu.\u00a0<\/p>\n<p><a title=\"@turcescurobert\" href=\"https:\/\/www.tiktok.com\/@turcescurobert?refer=embed\" target=\"_blank\">@turcescurobert<\/a><\/p>\n<p>\u00a0<\/p>\n<p><a title=\"\u266c original sound - Robert Turcescu Oficial\" href=\"https:\/\/www.tiktok.com\/music\/original-sound-7485268314386631440?refer=embed\" target=\"_blank\">\u266c original sound &#8211; Robert Turcescu Oficial<\/a><\/p>","protected":false},"excerpt":{"rendered":"<p>C\u0103t\u0103lin Tolontan lanseaz\u0103 un atac direct la adresa Statelor Unite ale Americii. Jurnalistul care a&hellip;<\/p>\n","protected":false},"author":0,"featured_media":42275,"comment_status":"open","ping_status":"open","sticky":false,"template":"","format":"standard","meta":{"footnotes":""},"categories":[3],"tags":[],"class_list":["post-42274","post","type-post","status-publish","format-standard","has-post-thumbnail","hentry","category-politica"],"_links":{"self":[{"href":"https:\/\/247stiri.ro\/index.php\/wp-json\/wp\/v2\/posts\/42274","targetHints":{"allow":["GET"]}}],"collection":[{"href":"https:\/\/247stiri.ro\/index.php\/wp-json\/wp\/v2\/posts"}],"about":[{"href":"https:\/\/247stiri.ro\/index.php\/wp-json\/wp\/v2\/types\/post"}],"replies":[{"embeddable":true,"href":"https:\/\/247stiri.ro\/index.php\/wp-json\/wp\/v2\/comments?post=42274"}],"version-history":[{"count":0,"href":"https:\/\/247stiri.ro\/index.php\/wp-json\/wp\/v2\/posts\/42274\/revisions"}],"wp:featuredmedia":[{"embeddable":true,"href":"https:\/\/247stiri.ro\/index.php\/wp-json\/wp\/v2\/media\/42275"}],"wp:attachment":[{"href":"https:\/\/247stiri.ro\/index.php\/wp-json\/wp\/v2\/media?parent=42274"}],"wp:term":[{"taxonomy":"category","embeddable":true,"href":"https:\/\/247stiri.ro\/index.php\/wp-json\/wp\/v2\/categories?post=42274"},{"taxonomy":"post_tag","embeddable":true,"href":"https:\/\/247stiri.ro\/index.php\/wp-json\/wp\/v2\/tags?post=42274"}],"curies":[{"name":"wp","href":"https:\/\/api.w.org\/{rel}","templated":true}]}}