{"id":42276,"date":"2025-03-25T06:44:56","date_gmt":"2025-03-25T06:44:56","guid":{"rendered":"https:\/\/247stiri.ro\/index.php\/2025\/03\/25\/pinocchio-ponta-incearca-din-rasputeri-sa-si-curete-imaginea-liiceanu-ponta-minte-si-cand-iti-spune-cat-e-ceasul\/"},"modified":"2025-03-25T06:44:56","modified_gmt":"2025-03-25T06:44:56","slug":"pinocchio-ponta-incearca-din-rasputeri-sa-si-curete-imaginea-liiceanu-ponta-minte-si-cand-iti-spune-cat-e-ceasul","status":"publish","type":"post","link":"https:\/\/247stiri.ro\/index.php\/2025\/03\/25\/pinocchio-ponta-incearca-din-rasputeri-sa-si-curete-imaginea-liiceanu-ponta-minte-si-cand-iti-spune-cat-e-ceasul\/","title":{"rendered":"Pinocchio Ponta \u00eencearc\u0103 din r\u0103sputeri s\u0103-\u0219i cure\u021be imaginea. Liiceanu: \u201dPonta minte \u0219i c\u00e2nd \u00ee\u021bi spune c\u00e2t e ceasul\u201d"},"content":{"rendered":"<p>Atacul dur al lui Gabriel Liiceanu a venit dup\u0103 ce filozoful a declarat c\u0103 Rom\u00e2nia se confrunt\u0103 cu dou\u0103 crize majore, de \u00eencredere \u0219i respectiv de adev\u0103r. Mai mult dec\u00e2t at\u00e2t, intelectualul sus\u021bine c\u0103 aceast\u0103 criz\u0103 de \u00eencredere se datoreaz\u0103 actualei clase politice, clas\u0103 politic\u0103 din care l-a dat exemplu pe Ponta.<\/p>\n<p>Reac\u021bia suveranistului vopsit supranumit \u0219i Pinocchio, nu a \u00eent\u00e2rziat s\u0103 apar\u0103. Victor Ponta a declarat:<\/p>\n<p>\u201eAm un foarte mare respect pentru nivelul intelectual al domnului Liiceanu. Dar am o total\u0103 ne\u00eencredere \u00een credin\u021bele sale politice. Nu te po\u021bi pricepe la toate. El are o respingere fa\u021b\u0103 de mine, pe care o accept. Nu toat\u0103 lumea trebuie s\u0103 te plac\u0103. Eu am o ne\u00eencredere \u00een sim\u021bul politic al domnului Liiceanu dup\u0103 ce recomand\u0103rile sale, Traian B\u0103sescu \u0219i Klaus Iohannis, au fost falimentare.\u201d<\/p>\n<p>Cu toate acestea, Victor Ponta are un trecut controversat \u0219i pres\u0103rat de minciuni \u00een politica rom\u00e2neasc\u0103. \u00cen ultimele luni, suveranistul vopsit a \u00eencercat din r\u0103sputeri s\u0103 se asocieze cu administra\u021bia Trump \u00een speran\u021ba c\u0103 americanii \u00eei vor asigura fotoliul de la Cotroceni. \u00cens\u0103, acum Ponta sus\u021bine cu vehemen\u021b\u0103 c\u0103 nu tot ce face Donald Trump este bine \u0219i c\u0103 aprob\u0103 criticile aduse de C\u0103t\u0103lin Tolontan la adresa Americii.<\/p>\n<p>Mai mult dec\u00e2t at\u00e2t, dup\u0103 ce suveranistul vopsit a declarat c\u0103 C\u0103lin Georgescu nu este preg\u0103tit s\u0103 fie pre\u0219edinte, acum Ponta sus\u021bine c\u0103 i-ar gra\u021bia toate dosarele candidatului care a c\u00e2\u0219tigat primul tur de scrutin.<\/p>","protected":false},"excerpt":{"rendered":"<p>Atacul dur al lui Gabriel Liiceanu a venit dup\u0103 ce filozoful a declarat c\u0103 Rom\u00e2nia&hellip;<\/p>\n","protected":false},"author":0,"featured_media":42269,"comment_status":"open","ping_status":"open","sticky":false,"template":"","format":"standard","meta":{"footnotes":""},"categories":[2],"tags":[],"class_list":["post-42276","post","type-post","status-publish","format-standard","has-post-thumbnail","hentry","category-actual"],"_links":{"self":[{"href":"https:\/\/247stiri.ro\/index.php\/wp-json\/wp\/v2\/posts\/42276","targetHints":{"allow":["GET"]}}],"collection":[{"href":"https:\/\/247stiri.ro\/index.php\/wp-json\/wp\/v2\/posts"}],"about":[{"href":"https:\/\/247stiri.ro\/index.php\/wp-json\/wp\/v2\/types\/post"}],"replies":[{"embeddable":true,"href":"https:\/\/247stiri.ro\/index.php\/wp-json\/wp\/v2\/comments?post=42276"}],"version-history":[{"count":0,"href":"https:\/\/247stiri.ro\/index.php\/wp-json\/wp\/v2\/posts\/42276\/revisions"}],"wp:featuredmedia":[{"embeddable":true,"href":"https:\/\/247stiri.ro\/index.php\/wp-json\/wp\/v2\/media\/42269"}],"wp:attachment":[{"href":"https:\/\/247stiri.ro\/index.php\/wp-json\/wp\/v2\/media?parent=42276"}],"wp:term":[{"taxonomy":"category","embeddable":true,"href":"https:\/\/247stiri.ro\/index.php\/wp-json\/wp\/v2\/categories?post=42276"},{"taxonomy":"post_tag","embeddable":true,"href":"https:\/\/247stiri.ro\/index.php\/wp-json\/wp\/v2\/tags?post=42276"}],"curies":[{"name":"wp","href":"https:\/\/api.w.org\/{rel}","templated":true}]}}