{"id":42281,"date":"2025-03-25T06:44:58","date_gmt":"2025-03-25T06:44:58","guid":{"rendered":"https:\/\/247stiri.ro\/index.php\/2025\/03\/25\/ilie-bolojan-ia-in-calcul-cresterea-de-taxe-si-impozite-am-cheltuit-ani-de-zile-mai-mult-decat-ne-am-putut-permite\/"},"modified":"2025-03-25T06:44:58","modified_gmt":"2025-03-25T06:44:58","slug":"ilie-bolojan-ia-in-calcul-cresterea-de-taxe-si-impozite-am-cheltuit-ani-de-zile-mai-mult-decat-ne-am-putut-permite","status":"publish","type":"post","link":"https:\/\/247stiri.ro\/index.php\/2025\/03\/25\/ilie-bolojan-ia-in-calcul-cresterea-de-taxe-si-impozite-am-cheltuit-ani-de-zile-mai-mult-decat-ne-am-putut-permite\/","title":{"rendered":"Ilie Bolojan ia \u00een calcul cre\u0219terea de taxe \u0219i impozite: Am cheltuit ani de zile mai mult dec\u00e2t ne-am putut permite"},"content":{"rendered":"<p>&#8222;Noi am cheltuit de mul\u021bi ani de zile mai mult dec\u00e2t ne-am putut permite. Am luat \u00eemprumuturi mari. G\u00e2ndi\u021bi-v\u0103 c\u0103 anul trecut am luat cam un miliard de euro \u00eemprumut s\u0103pt\u0103m\u00e2nal ca s\u0103 asigur\u0103m ni\u0219te echilibre bugetare. \u0218i asta a \u00eensemnat c\u0103 dob\u00e2nzile la aceste credite vor cre\u0219te an de an \u0219i indiferent ce Guvern va fi anul viitor, peste doi, trei ani de zile nu va putea fugi de aceast\u0103 realitate.<\/p>\n<p>Noi avem dou\u0103-trei posibilit\u0103\u021bi. Sau ne reducem cheltuielile de func\u021bionare sau cre\u0219tem taxe \u0219i impozite, care s\u0103 compenseze deficitele, s\u0103 spunem, de la buget, sau facem unele \u0219i altele, iar reducerea de cheltuieli se face \u00eentr-o form\u0103 pe care eu totdeauna am sus\u021binut-o. Domnule, nu d\u0103m oamenii afar\u0103 ca s\u0103 ne afl\u0103m \u00een treab\u0103. Da, calcul\u0103m corect personalul \u0219i atunci, nu \u0219tiu, dar la un Consiliu Jude\u021bean, de patru ani de zile po\u021bi s\u0103 func\u021bionezi f\u0103r\u0103 probleme cu sub 100 de oameni&#8217;, a declarat Ilie Bolojan, la un post TV.<\/p>\n<p>Pre\u0219edintele interimar a spus c\u0103 trebuie ac\u021bionat cu un anumit &#8221;sentiment al urgen\u021bei&#8221;.<\/p>\n<p>&#8222;Va fi un efort de un an, un an \u0219i jum\u0103tate, poate doi ani de zile pentru a corecta pu\u021bin deficitele bugetare \u0219i pentru a crea condi\u021bii pentru a relansa \u021bara noastr\u0103&#8221;, a ad\u0103ugat Bolojan.<\/p>\n<p>Pre\u0219edintele interimar a opinat c\u0103 prioritatea o reprezint\u0103 optimizarea cheltuielilor \u0219i combaterea evaziunii fiscale, nu cre\u0219terea poverii fiscale, care ar trebui s\u0103 fie ultima solu\u021bie, aplicat\u0103 \u00een situa\u021bii extreme.<\/p>\n<p>El a fost \u00eentrebat unde se cheltuie cel mai mult nejustificat. Bolojan a r\u0103spuns c\u0103, \u00een opinia sa, trebuie intervenit \u00een multe companii de stat.\u00a0<\/p>","protected":false},"excerpt":{"rendered":"<p>&#8222;Noi am cheltuit de mul\u021bi ani de zile mai mult dec\u00e2t ne-am putut permite. Am&hellip;<\/p>\n","protected":false},"author":0,"featured_media":42273,"comment_status":"open","ping_status":"open","sticky":false,"template":"","format":"standard","meta":{"footnotes":""},"categories":[2],"tags":[],"class_list":["post-42281","post","type-post","status-publish","format-standard","has-post-thumbnail","hentry","category-actual"],"_links":{"self":[{"href":"https:\/\/247stiri.ro\/index.php\/wp-json\/wp\/v2\/posts\/42281","targetHints":{"allow":["GET"]}}],"collection":[{"href":"https:\/\/247stiri.ro\/index.php\/wp-json\/wp\/v2\/posts"}],"about":[{"href":"https:\/\/247stiri.ro\/index.php\/wp-json\/wp\/v2\/types\/post"}],"replies":[{"embeddable":true,"href":"https:\/\/247stiri.ro\/index.php\/wp-json\/wp\/v2\/comments?post=42281"}],"version-history":[{"count":0,"href":"https:\/\/247stiri.ro\/index.php\/wp-json\/wp\/v2\/posts\/42281\/revisions"}],"wp:featuredmedia":[{"embeddable":true,"href":"https:\/\/247stiri.ro\/index.php\/wp-json\/wp\/v2\/media\/42273"}],"wp:attachment":[{"href":"https:\/\/247stiri.ro\/index.php\/wp-json\/wp\/v2\/media?parent=42281"}],"wp:term":[{"taxonomy":"category","embeddable":true,"href":"https:\/\/247stiri.ro\/index.php\/wp-json\/wp\/v2\/categories?post=42281"},{"taxonomy":"post_tag","embeddable":true,"href":"https:\/\/247stiri.ro\/index.php\/wp-json\/wp\/v2\/tags?post=42281"}],"curies":[{"name":"wp","href":"https:\/\/api.w.org\/{rel}","templated":true}]}}