{"id":42301,"date":"2025-03-25T07:44:57","date_gmt":"2025-03-25T07:44:57","guid":{"rendered":"https:\/\/247stiri.ro\/index.php\/2025\/03\/25\/parlamentul-se-reuneste-in-sedinta-sanctiuni-mai-aspre-pentru-absentarea-nemotivata\/"},"modified":"2025-03-25T07:44:57","modified_gmt":"2025-03-25T07:44:57","slug":"parlamentul-se-reuneste-in-sedinta-sanctiuni-mai-aspre-pentru-absentarea-nemotivata","status":"publish","type":"post","link":"https:\/\/247stiri.ro\/index.php\/2025\/03\/25\/parlamentul-se-reuneste-in-sedinta-sanctiuni-mai-aspre-pentru-absentarea-nemotivata\/","title":{"rendered":"Parlamentul se reune\u0219te \u00een \u0219edin\u021b\u0103: sanc\u021biuni mai aspre pentru absentarea nemotivat\u0103"},"content":{"rendered":"<p>\u00cen prezent, o absen\u021b\u0103 de la \u0219edin\u021be se sanc\u021bioneaz\u0103 cu 1% din indemniza\u021bie.<\/p>\n<p>Pe ordinea de zi a plenului comun se vor mai afla constituirea unor grupuri parlamentare de prietenie \u0219i modificarea componen\u021bei unor comisii speciale comune ale Camerei Deputa\u021bilor \u0219i Senatului.<\/p>\n<p>Pre\u0219edintele interimar al Senatului, Mircea Abrudean, \u00eei \u00eendeamn\u0103 pe colegii parlamentari &#8222;la mai mult\u0103 responsabilitate&#8221; \u00een activitatea Legislativului.<\/p>\n<p>&#8222;Facem ordine \u00een activitatea Parlamentului \u0219i introducem m\u0103suri mai ferme pentru a asigura prezen\u021ba activ\u0103 a parlamentarilor. Cei care nu se prezint\u0103 la munc\u0103 vor fi sanc\u021biona\u021bi mai sever! M\u00e2ine, Plenul comun va discuta propunerea ca absen\u021bele nemotivate s\u0103 fie sanc\u021bionate mai aspru: 5% din indemniza\u021bia lunar\u0103 brut\u0103, fa\u021b\u0103 de 1% c\u00e2t era anterior. O schimbare care \u00eei vizeaz\u0103 inclusiv pe cei care, din motive politice, aleg s\u0103 nu \u00ee\u0219i \u00eendeplineasc\u0103 responsabilit\u0103\u021bile, a\u0219a cum fac zilele acestea parlamentarii forma\u021biunilor izola\u021bioniste, care au intrat \u00eentr-o a\u0219a-zis\u0103 &#8222;grev\u0103&#8221; pentru a evita prezen\u021ba la votarea legilor. Responsabilitatea \u0219i seriozitatea trebuie s\u0103 fie priorit\u0103\u021bi pentru orice parlamentar&#8221;, a transmis Abrudean, luni, pe platformele de socializare.<\/p>","protected":false},"excerpt":{"rendered":"<p>\u00cen prezent, o absen\u021b\u0103 de la \u0219edin\u021be se sanc\u021bioneaz\u0103 cu 1% din indemniza\u021bie. Pe ordinea&hellip;<\/p>\n","protected":false},"author":0,"featured_media":42302,"comment_status":"open","ping_status":"open","sticky":false,"template":"","format":"standard","meta":{"footnotes":""},"categories":[3],"tags":[],"class_list":["post-42301","post","type-post","status-publish","format-standard","has-post-thumbnail","hentry","category-politica"],"_links":{"self":[{"href":"https:\/\/247stiri.ro\/index.php\/wp-json\/wp\/v2\/posts\/42301","targetHints":{"allow":["GET"]}}],"collection":[{"href":"https:\/\/247stiri.ro\/index.php\/wp-json\/wp\/v2\/posts"}],"about":[{"href":"https:\/\/247stiri.ro\/index.php\/wp-json\/wp\/v2\/types\/post"}],"replies":[{"embeddable":true,"href":"https:\/\/247stiri.ro\/index.php\/wp-json\/wp\/v2\/comments?post=42301"}],"version-history":[{"count":0,"href":"https:\/\/247stiri.ro\/index.php\/wp-json\/wp\/v2\/posts\/42301\/revisions"}],"wp:featuredmedia":[{"embeddable":true,"href":"https:\/\/247stiri.ro\/index.php\/wp-json\/wp\/v2\/media\/42302"}],"wp:attachment":[{"href":"https:\/\/247stiri.ro\/index.php\/wp-json\/wp\/v2\/media?parent=42301"}],"wp:term":[{"taxonomy":"category","embeddable":true,"href":"https:\/\/247stiri.ro\/index.php\/wp-json\/wp\/v2\/categories?post=42301"},{"taxonomy":"post_tag","embeddable":true,"href":"https:\/\/247stiri.ro\/index.php\/wp-json\/wp\/v2\/tags?post=42301"}],"curies":[{"name":"wp","href":"https:\/\/api.w.org\/{rel}","templated":true}]}}