{"id":42304,"date":"2025-03-25T07:44:58","date_gmt":"2025-03-25T07:44:58","guid":{"rendered":"https:\/\/247stiri.ro\/index.php\/2025\/03\/25\/masina-in-flacari-pe-calea-mosilor-din-capitala-focul-s-a-extins-la-alte-4-autoturisme-fotovideo\/"},"modified":"2025-03-25T07:44:58","modified_gmt":"2025-03-25T07:44:58","slug":"masina-in-flacari-pe-calea-mosilor-din-capitala-focul-s-a-extins-la-alte-4-autoturisme-fotovideo","status":"publish","type":"post","link":"https:\/\/247stiri.ro\/index.php\/2025\/03\/25\/masina-in-flacari-pe-calea-mosilor-din-capitala-focul-s-a-extins-la-alte-4-autoturisme-fotovideo\/","title":{"rendered":"Ma\u0219in\u0103 \u00een fl\u0103c\u0103ri pe Calea Mo\u0219ilor din Capital\u0103: focul s-a extins la alte 4 autoturisme FOTO&amp;VIDEO"},"content":{"rendered":"<p>Conform informa\u021biilor ap\u0103rute pe Grupul de Facebook Info Trafic Bucure\u0219ti Ilfov, incidentul s-a petrecut l\u00e2ng\u0103 intersec\u021bia dintre calea Mo\u0219ilor cu Eminescu, pe sensul spre bulevardul Carol.<\/p>\n\n<p>Circula\u021bia \u00een zon\u0103 a fost oprit\u0103. Focul s-a extins \u0219i la ma\u0219inile parcate l\u00e2ng\u0103 ma\u0219ina de la care a pornit incendiul.\u00a0<\/p>\n<p>&#8222;Intervenim pentru stingerea unui incendiu la un autoturism \u00een Calea Mo\u0219ilor, extins \u0219i la alte autoturisme. Nu sunt victime, se lucreaz\u0103 pentru localizare&#8221;, au transmis reprezentan\u021bii ISU.\u00a0<\/p>\n\n<p>\u00a0<\/p>\n<p>&#8222;Ast\u0103zi, 25 martie 2025, poli\u021bi\u0219ti din cadrul Direc\u021biei Generale de Poli\u021bie a Municipiului Bucure\u0219ti \u2013 Sec\u021bia 8 Poli\u021bie au fost sesiza\u021bi, prin sistem 112, \u00a0\u00een jurul orei 08.50, cu privire la faptul c\u0103, pe o strad\u0103 din Sectorul 2, a izbucnit un incendiu, care se manifest\u0103 asupra unui autoturism.<\/p>\n<p>Poli\u021bi\u0219tii care s-au deplasat cu operativitate la adres\u0103 au constatat c\u0103 aspectele sesizate se confirm\u0103, context \u00een care s-a procedat la delimitarea locului \u0219i restric\u021bionarea traficului.<\/p>\n<p>De asemenea, mai multe echipaje de pompieri procedeaz\u0103 la lichidarea incendiului.<\/p>\n<p>\u00cen urma evenimentului au fost produse doar pagube materiale, acesta extinz\u00e2ndu-se la alte ma\u0219ini din proximitate, f\u0103r\u0103 a exista victime omene\u0219ti.<\/p>\n<p>Men\u021bion\u0103m faptul c\u0103 activit\u0103\u021bile sunt \u00eenc\u0103 \u00een dinamic\u0103&#8221;, informeaz\u0103 Poli\u021bia Capitalei.\u00a0<\/p>","protected":false},"excerpt":{"rendered":"<p>Conform informa\u021biilor ap\u0103rute pe Grupul de Facebook Info Trafic Bucure\u0219ti Ilfov, incidentul s-a petrecut l\u00e2ng\u0103&hellip;<\/p>\n","protected":false},"author":0,"featured_media":42305,"comment_status":"open","ping_status":"open","sticky":false,"template":"","format":"standard","meta":{"footnotes":""},"categories":[2],"tags":[],"class_list":["post-42304","post","type-post","status-publish","format-standard","has-post-thumbnail","hentry","category-actual"],"_links":{"self":[{"href":"https:\/\/247stiri.ro\/index.php\/wp-json\/wp\/v2\/posts\/42304","targetHints":{"allow":["GET"]}}],"collection":[{"href":"https:\/\/247stiri.ro\/index.php\/wp-json\/wp\/v2\/posts"}],"about":[{"href":"https:\/\/247stiri.ro\/index.php\/wp-json\/wp\/v2\/types\/post"}],"replies":[{"embeddable":true,"href":"https:\/\/247stiri.ro\/index.php\/wp-json\/wp\/v2\/comments?post=42304"}],"version-history":[{"count":0,"href":"https:\/\/247stiri.ro\/index.php\/wp-json\/wp\/v2\/posts\/42304\/revisions"}],"wp:featuredmedia":[{"embeddable":true,"href":"https:\/\/247stiri.ro\/index.php\/wp-json\/wp\/v2\/media\/42305"}],"wp:attachment":[{"href":"https:\/\/247stiri.ro\/index.php\/wp-json\/wp\/v2\/media?parent=42304"}],"wp:term":[{"taxonomy":"category","embeddable":true,"href":"https:\/\/247stiri.ro\/index.php\/wp-json\/wp\/v2\/categories?post=42304"},{"taxonomy":"post_tag","embeddable":true,"href":"https:\/\/247stiri.ro\/index.php\/wp-json\/wp\/v2\/tags?post=42304"}],"curies":[{"name":"wp","href":"https:\/\/api.w.org\/{rel}","templated":true}]}}