{"id":42306,"date":"2025-03-25T07:44:59","date_gmt":"2025-03-25T07:44:59","guid":{"rendered":"https:\/\/247stiri.ro\/index.php\/2025\/03\/25\/sondaj-europenii-vor-armata-si-aparare-puternica-romanii-cer-securitatea-mancarii\/"},"modified":"2025-03-25T07:44:59","modified_gmt":"2025-03-25T07:44:59","slug":"sondaj-europenii-vor-armata-si-aparare-puternica-romanii-cer-securitatea-mancarii","status":"publish","type":"post","link":"https:\/\/247stiri.ro\/index.php\/2025\/03\/25\/sondaj-europenii-vor-armata-si-aparare-puternica-romanii-cer-securitatea-mancarii\/","title":{"rendered":"SONDAJ Europenii vor armat\u0103 \u0219i ap\u0103rare puternic\u0103, rom\u00e2nii cer securitatea m\u00e2nc\u0103rii"},"content":{"rendered":"<p>Dou\u0103 treimi dintre cet\u0103\u0163enii europeni vor ca UE s\u0103 \u00ee\u015fi asume un rol mai important \u00een protejarea lor \u00een fa\u0163a crizelor globale \u015fi a riscurilor la adresa securit\u0103\u0163ii, relev\u0103 Sondajul Eurobarometru din iarna anului 2025 al Parlamentului European, \u00een Rom\u00e2nia, procentul fiind de 47%. De asemenea, aproape trei sferturi dintre cet\u0103\u0163enii UE (74%) consider\u0103 c\u0103 \u0163ara lor a beneficiat de pe urma apartenen\u0163ei la UE, fiind cel mai mare rezultat \u00eenregistrat vreodat\u0103 la nivelul UE \u00eentr-un sondaj Eurobarometru din 1983. \u00cen cazul Rom\u00e2niei, propor\u0163ia este de 70%.<\/p>\n<p>\u201d66% dintre cet\u0103\u0163enii europeni doresc ca UE s\u0103 \u00ee\u015fi asume un rol mai important \u00een protejarea lor \u00een fa\u0163a crizelor globale \u015fi a riscurilor la adresa securit\u0103\u0163ii\u201d, conform sondajului, acest punct de vedere fiind mai puternic \u00een r\u00e2ndul responden\u0163ilor mai tineri.<\/p>\n<p>La nivel na\u0163ional, rezultatele pentru aeast\u0103 \u00eentrebarea variaz\u0103 de la 87% \u00een Suedia la 47% \u00een Rom\u00e2nia \u015fi 44% \u00een Polonia.<\/p>\n<p>Aproape trei sferturi dintre cet\u0103\u0163enii UE (74%) consider\u0103 c\u0103 \u0163ara lor a beneficiat de pe urma apartenen\u0163ei la UE.<\/p>\n<p>\u201dAcesta este cel mai mare rezultat \u00eenregistrat vreodat\u0103 la nivelul UE \u00eentr-un sondaj Eurobarometru pentru aceast\u0103 \u00eentrebare de c\u00e2nd a fost adresat\u0103 pentru prima dat\u0103 \u00een 1983\u201d, precizeaz\u0103 autorii Eurobarometrului.<\/p>\n<p>La fel ca anul trecut, 70% dintre cet\u0103\u0163enii rom\u00e2ni participan\u0163i la sondaj consider\u0103 c\u0103 Rom\u00e2nia a beneficiat de pe urma apartenen\u0163ei la UE.<\/p>\n<p>\u00a0<\/p>\n<p>Contribu\u0163ia UE la men\u0163inerea p\u0103cii \u015fi la consolidarea securit\u0103\u0163ii reprezint\u0103 principalul motiv pentru care calitatea de membru este considerat\u0103 benefic\u0103 la nivel european (35%). Responden\u0163ii din Rom\u00e2nia consider\u0103 c\u0103 apartenen\u0163a la UE este benefic\u0103 \u00een primul r\u00e2nd pentru noile oportunit\u0103\u0163i de angajare (42%).<\/p>\n<p>89% dintre cet\u0103\u0163enii europeni (75% dintre rom\u00e2ni) participan\u0163i la sondaj spun c\u0103 statele membre ale UE ar trebui s\u0103 fie mai unite pentru a face fa\u0163\u0103 provoc\u0103rilor globale actuale. \u00cen acest context, 76% dintre europeni (71% dintre responden\u0163ii rom\u00e2ni) cred c\u0103 Uniunea European\u0103 are nevoie de mai multe mijloace pentru a face fa\u0163\u0103 provoc\u0103rilor viitoare.<\/p>\n<p>\u201eDou\u0103 treimi dintre europeni doresc ca UE s\u0103 joace un rol mai important pentru asigurarea protec\u0163iei lor. Acesta este un apel clar la ac\u0163iune la care vom r\u0103spunde. Europa trebuie s\u0103 fie mai puternic\u0103, astfel \u00eenc\u00e2t cet\u0103\u0163enii no\u015ftri s\u0103 se simt\u0103 \u00een siguran\u0163\u0103. Parlamentul European se va asigura c\u0103 fiecare propunere prezentat\u0103 \u00een acest sens este suficient de \u00eendr\u0103znea\u0163\u0103 \u015fi ambi\u0163ioas\u0103 pentru a corespunde nivelului serios de amenin\u0163are cu care se confrunt\u0103 Europa. Europa trebuie s\u0103 ia atitudine ast\u0103zi, sau risc\u0103 s\u0103 fie dat\u0103 la o parte m\u00e2ine\u201d, a declarat pre\u015fedintele Parlamentului European, Roberta Metsola.<\/p>\n<p>A\u015ftept\u0103rile cet\u0103\u0163enilor de la Uniunea European\u0103<\/p>\n<p>Ap\u0103rarea \u015fi securitatea (36%), precum \u015fi competitivitatea, economia \u015fi industria (32%) sunt identificate de cet\u0103\u0163enii europeni ca fiind domeniile asupra c\u0103rora UE ar trebui s\u0103 se concentreze cel mai mult pentru a-\u015fi consolida pozi\u0163ia \u00een lume.<\/p>\n<p>De\u015fi rezultatele pentru ap\u0103rare \u015fi securitate au r\u0103mas stabile \u00een compara\u0163ie cu februarie\/martie 2024, cele pentru competitivitate, economie \u015fi industrie au crescut cu cinci puncte. Aceste dou\u0103 domenii sunt urmate de independen\u0163a energetic\u0103 (27%), securitatea alimentar\u0103 \u015fi agricultura (25%) \u015fi educa\u0163ia \u015fi cercetarea (23%).<\/p>\n<p>Pentru cet\u0103\u0163enii din Rom\u00e2nia priorit\u0103\u0163ile asupra c\u0103rora ar trebui s\u0103 se concentreze UE pentru a-\u015fi consolida pozi\u0163ia la nivel global sunt securitatea alimentar\u0103 \u015fi agricultura (32%), ap\u0103rarea \u015fi securitatea (31%), urmate de competitivitate, economie \u015fi industrie (29%) \u015fi independen\u0163a energetic\u0103, resurse \u015fi infrastructur\u0103 (26%).<\/p>\n<p>Patru din zece europeni men\u0163ioneaz\u0103 printre priorit\u0103\u0163i infla\u0163ia, cre\u015fterea pre\u0163urilor \u015fi costul vie\u0163ii (43%), urmate de ap\u0103rarea \u015fi securitatea UE (31%), combaterea s\u0103r\u0103ciei \u015fi a excluziunii sociale (31%) \u015fi sprijinirea economiei \u015fi crearea de noi locuri de munc\u0103 (29%). Infla\u0163ia, cre\u015fterea pre\u0163urilor \u015fi costul vie\u0163ii reprezint\u0103 o prioritate pentru toate grupele de v\u00e2rst\u0103, cu rezultate maxime \u00eenregistrate \u00een Portugalia (57%), Fran\u0163a (56%), Slovacia (56%), Croa\u0163ia (54%) \u015fi Estonia (54%).<\/p>\n<p>Cet\u0103\u0163enii rom\u00e2ni consider\u0103 c\u0103 Parlamentul European ar trebui s\u0103 aib\u0103 pe agend\u0103 teme precum infla\u0163ia, cre\u015fterea pre\u0163urilor \u015fi costul vie\u0163ii (44%), sprijinirea economiei \u015fi crearea de noi locuri de munc\u0103 (38%) \u015fi combaterea s\u0103r\u0103ciei \u015fi a excluziunii sociale (30%).<\/p>\n<p>O treime dintre europeni (33%) se a\u015fteapt\u0103 ca nivelul lor de trai s\u0103 scad\u0103 \u00een urm\u0103torii cinci ani, cu \u015fapte puncte procentuale mai mult dec\u00e2t \u00een perioada iunie-iulie 2024. Acesta este cazul a 53% dintre responden\u0163ii francezi (+8 puncte procentuale) \u015fi a 47% dintre germani (+ 15 puncte procentuale). 24% dintre responden\u0163ii din Rom\u00e2nia spun c\u0103 se a\u015fteapt\u0103 ca nivelul lor de trai s\u0103 scad\u0103 \u00een urm\u0103torii cinci ani, cu 3 puncte procentuale mai mult dec\u00e2t \u00een perioada iunie &#8211; iulie 2024.<\/p>\n<p>Valorile fundamentale ale UE<\/p>\n<p>Analiz\u00e2nd valorile pe care europenii ar dori ca Parlamentul European s\u0103 le apere, pacea (45%), democra\u0163ia (32%) \u015fi protec\u0163ia drepturilor omului \u00een UE \u015fi \u00een \u00eentreaga lume (22%) sunt pe primele pozi\u0163ii. .<\/p>\n<p>Cet\u0103\u0163enii rom\u00e2ni ar dori ca Parlamentul European s\u0103 apere valori precum pacea (30%), libertatea de mi\u015fcare (26%) \u015fi democra\u0163ia (25%).<\/p>\n<p>Dou\u0103 treimi dintre cet\u0103\u0163eni sprijin\u0103 consolidarea rolului PE<\/p>\n<p>50% dintre responden\u0163ii europeni au o imagine pozitiv\u0103 despre UE (51% dintre rom\u00e2ni). \u00cen ultimul deceniu, aceast\u0103 percep\u0163ie pozitiv\u0103 a fost doar o singur\u0103 dat\u0103 mai ridicat\u0103 (52%), \u00een prim\u0103vara anului 2022, \u00een urma invad\u0103rii Ucrainei de c\u0103tre Rusia. Imaginea pozitiv\u0103 a PE este stabil\u0103 la un nivel ridicat (41% la nivel european, 47% dintre responden\u0163ii rom\u00e2ni).<\/p>\n<p>La c\u00e2teva luni dup\u0103 \u00eenceperea mandatului noii legislaturi, peste \u015fase din zece cet\u0103\u0163eni europeni (62%) ar dori ca Parlamentul European s\u0103 joace un rol mai important, ceea ce reprezint\u0103 o cre\u015ftere de \u015fase puncte procentuale fa\u0163\u0103 de perioada februarie-martie 2024, cu c\u00e2teva luni \u00eenainte de alegerile europene din iunie 2024. Dintre responden\u0163ii rom\u00e2ni, 58% ar dori ca Parlamentul European s\u0103 joace un rol mai important, cu cinci puncte procentuale mai mult dec\u00e2t \u00eenainte de alegerile europene.<\/p>\n<p>Sondajul Eurobarometru din iarna anului 2025 al Parlamentului European a fost efectuat \u00eentre 9 ianuarie \u015fi 4 februarie 2025 \u00een toate cele 27 de state membre ale UE. Sondajul a fost realizat fa\u0163\u0103 \u00een fa\u0163\u0103, interviurile video fiind utilizate \u015fi \u00een Cehia, Danemarca, Finlanda, Malta, \u0162\u0103rile de Jos \u015fi Suedia. \u00cen total, au fost realizate 26.354 de interviuri, iar rezultatele UE sunt ponderate \u00een func\u0163ie de dimensiunea popula\u0163iei din fiecare \u0163ar\u0103.<\/p>","protected":false},"excerpt":{"rendered":"<p>Dou\u0103 treimi dintre cet\u0103\u0163enii europeni vor ca UE s\u0103 \u00ee\u015fi asume un rol mai important&hellip;<\/p>\n","protected":false},"author":0,"featured_media":42296,"comment_status":"open","ping_status":"open","sticky":false,"template":"","format":"standard","meta":{"footnotes":""},"categories":[2],"tags":[],"class_list":["post-42306","post","type-post","status-publish","format-standard","has-post-thumbnail","hentry","category-actual"],"_links":{"self":[{"href":"https:\/\/247stiri.ro\/index.php\/wp-json\/wp\/v2\/posts\/42306","targetHints":{"allow":["GET"]}}],"collection":[{"href":"https:\/\/247stiri.ro\/index.php\/wp-json\/wp\/v2\/posts"}],"about":[{"href":"https:\/\/247stiri.ro\/index.php\/wp-json\/wp\/v2\/types\/post"}],"replies":[{"embeddable":true,"href":"https:\/\/247stiri.ro\/index.php\/wp-json\/wp\/v2\/comments?post=42306"}],"version-history":[{"count":0,"href":"https:\/\/247stiri.ro\/index.php\/wp-json\/wp\/v2\/posts\/42306\/revisions"}],"wp:featuredmedia":[{"embeddable":true,"href":"https:\/\/247stiri.ro\/index.php\/wp-json\/wp\/v2\/media\/42296"}],"wp:attachment":[{"href":"https:\/\/247stiri.ro\/index.php\/wp-json\/wp\/v2\/media?parent=42306"}],"wp:term":[{"taxonomy":"category","embeddable":true,"href":"https:\/\/247stiri.ro\/index.php\/wp-json\/wp\/v2\/categories?post=42306"},{"taxonomy":"post_tag","embeddable":true,"href":"https:\/\/247stiri.ro\/index.php\/wp-json\/wp\/v2\/tags?post=42306"}],"curies":[{"name":"wp","href":"https:\/\/api.w.org\/{rel}","templated":true}]}}