{"id":42312,"date":"2025-03-25T07:45:01","date_gmt":"2025-03-25T07:45:01","guid":{"rendered":"https:\/\/247stiri.ro\/index.php\/2025\/03\/25\/deces-subit-la-varful-samsung-gigantul-in-tehnologie-sud-corean-a-ramas-fara-unul-din-cei-doi-ceo-doliu-urias\/"},"modified":"2025-03-25T07:45:01","modified_gmt":"2025-03-25T07:45:01","slug":"deces-subit-la-varful-samsung-gigantul-in-tehnologie-sud-corean-a-ramas-fara-unul-din-cei-doi-ceo-doliu-urias","status":"publish","type":"post","link":"https:\/\/247stiri.ro\/index.php\/2025\/03\/25\/deces-subit-la-varful-samsung-gigantul-in-tehnologie-sud-corean-a-ramas-fara-unul-din-cei-doi-ceo-doliu-urias\/","title":{"rendered":"Deces subit la v\u00e2rful Samsung. Gigantul \u00een tehnologie sud-corean a r\u0103mas f\u0103r\u0103 unul din cei doi CEO: doliu uria\u0219"},"content":{"rendered":"<p>Han, care era \u015fi membru al consiliului de administra\u0163ie, a decedat mar\u0163i, la spital, nemaiput\u00e2nd fi resuscitat dup\u0103 un stop cardiac, a declarat un purt\u0103tor de cuv\u00e2nt al companiei. Samsung nu a decis \u00eenc\u0103 asupra unui succesor, a ad\u0103ugat purt\u0103torul de cuv\u00e2nt.<\/p>\n<p>Compania a avut \u00een mod tradi\u0163ional o structur\u0103 cu doi CEO care \u00eemp\u0103r\u0163eau supervizarea diviziilor sale de consum \u015fi cipuri.<\/p>\n<p>Han Jong-hee s-a al\u0103turat Samsung \u00een urm\u0103 cu aproape 40 de ani \u015fi \u015fi-a construit cariera \u00een afacerea sa cu televizoare.<\/p>\n<p>Han, \u00een v\u00e2rst\u0103 de 63 de ani, devenise director executiv al celei mai mari companii din Coreea de Sud \u00een 2022 \u015fi era responsabil de divizia sa de electronice de consum \u015fi dispozitive mobile.<\/p>\n<p>Jun Young-Hhyun a fost numit co-CEO al Samsung chiar s\u0103pt\u0103m\u00e2na trecut\u0103, \u00een cadrul adun\u0103rii anuale a ac\u0163ionarilor. El a fost desemnat la conducerea diviziei de semiconductori, care a r\u0103mas \u00een urma unor rivali precum SK Hynix \u015fi TSMC pe pia\u0163a global\u0103 a cipurilor de inteligen\u0163\u0103 artificial\u0103.<\/p>\n<p>Samsung a declarat \u00eentr-un comunicat bursier c\u0103 Jun va fi singurul CEO al companiei dup\u0103 moartea lui Han.<\/p>\n<p>Ac\u0163iunile Samsung au sc\u0103zut cu 0,5%, \u00een linie cu pia\u0163a sud-coreean\u0103 mai larg\u0103.<\/p>\n<p>\u00a0<\/p>\n<p>\u00a0<\/p>","protected":false},"excerpt":{"rendered":"<p>Han, care era \u015fi membru al consiliului de administra\u0163ie, a decedat mar\u0163i, la spital, nemaiput\u00e2nd&hellip;<\/p>\n","protected":false},"author":0,"featured_media":42290,"comment_status":"open","ping_status":"open","sticky":false,"template":"","format":"standard","meta":{"footnotes":""},"categories":[2],"tags":[],"class_list":["post-42312","post","type-post","status-publish","format-standard","has-post-thumbnail","hentry","category-actual"],"_links":{"self":[{"href":"https:\/\/247stiri.ro\/index.php\/wp-json\/wp\/v2\/posts\/42312","targetHints":{"allow":["GET"]}}],"collection":[{"href":"https:\/\/247stiri.ro\/index.php\/wp-json\/wp\/v2\/posts"}],"about":[{"href":"https:\/\/247stiri.ro\/index.php\/wp-json\/wp\/v2\/types\/post"}],"replies":[{"embeddable":true,"href":"https:\/\/247stiri.ro\/index.php\/wp-json\/wp\/v2\/comments?post=42312"}],"version-history":[{"count":0,"href":"https:\/\/247stiri.ro\/index.php\/wp-json\/wp\/v2\/posts\/42312\/revisions"}],"wp:featuredmedia":[{"embeddable":true,"href":"https:\/\/247stiri.ro\/index.php\/wp-json\/wp\/v2\/media\/42290"}],"wp:attachment":[{"href":"https:\/\/247stiri.ro\/index.php\/wp-json\/wp\/v2\/media?parent=42312"}],"wp:term":[{"taxonomy":"category","embeddable":true,"href":"https:\/\/247stiri.ro\/index.php\/wp-json\/wp\/v2\/categories?post=42312"},{"taxonomy":"post_tag","embeddable":true,"href":"https:\/\/247stiri.ro\/index.php\/wp-json\/wp\/v2\/tags?post=42312"}],"curies":[{"name":"wp","href":"https:\/\/api.w.org\/{rel}","templated":true}]}}