{"id":42353,"date":"2025-03-25T09:45:40","date_gmt":"2025-03-25T09:45:40","guid":{"rendered":"https:\/\/247stiri.ro\/index.php\/2025\/03\/25\/continua-lupta-pentru-planseul-unirii-daniel-baluta-spune-ca-nicusor-dan-blocheaza-dosarul-desi-de-3-luni-are-toate-avizele-din-primarie\/"},"modified":"2025-03-25T09:45:40","modified_gmt":"2025-03-25T09:45:40","slug":"continua-lupta-pentru-planseul-unirii-daniel-baluta-spune-ca-nicusor-dan-blocheaza-dosarul-desi-de-3-luni-are-toate-avizele-din-primarie","status":"publish","type":"post","link":"https:\/\/247stiri.ro\/index.php\/2025\/03\/25\/continua-lupta-pentru-planseul-unirii-daniel-baluta-spune-ca-nicusor-dan-blocheaza-dosarul-desi-de-3-luni-are-toate-avizele-din-primarie\/","title":{"rendered":"Continu\u0103 lupta pentru Plan\u0219eul Unirii. Daniel B\u0103lu\u021b\u0103 spune c\u0103 Nicu\u0219or Dan blocheaz\u0103 dosarul, de\u0219i de 3 luni are toate avizele din prim\u0103rie"},"content":{"rendered":"<p>\u201eNicu\u0219or Dan expune ora\u0219ul la pericole reale. Cel care se viseaz\u0103 pre\u0219edintele Rom\u00e2niei nu e interesat de nevoile bucure\u0219tenilor pe care i-a abandonat. Sunte\u021bi o dezam\u0103gire general\u0103 pentru acest ora\u0219. Au trecut 3 luni de c\u00e2nd a\u021bi declarat c\u0103 debloca\u021bi lucr\u0103rile de la Plan\u0219eul Unirii. V-am crezut pe cuv\u00e2nt c\u0103 sunte\u021bi onest \u0219i c\u0103 semna\u021bi avizele, pe care le ave\u021bi pe birou de anul trecut. V\u0103 bate\u021bi joc de buna credin\u021b\u0103 a celor care v-au votat. Face\u021bi totul ca s\u0103 \u021bine\u021bi proiectul blocat. Este josnic\u0103 minciuna \u00een care v-a\u021bi blocat. V-am v\u0103zut la salon, la tuns, la frezat, relaxat, f\u0103r\u0103 probleme c\u0103 plafonul se surp\u0103, iar pe dumneavoastr\u0103 v\u0103 preocup\u0103 coafura. E clar c\u0103 lui Nicu\u0219or Dan \u00eei pasa doar de ambi\u021biile sale politice \u0219i de planurile personale. P\u00e2n\u0103 \u0219i colegii s\u0103i de la prim\u0103rie se dezic de ac\u021biunile primarului, oameni care refuz\u0103 sa fie complici la ac\u021biunea de blocare a punerii \u00een siguran\u021b\u0103 a Plan\u0219eului Unirii. Dup\u0103 ce am depus absolut toate documentele, am solicitat \u00een scris de ce Nicu\u0219or Dan nu a semnat un act pe care \u00eel are de trei luni pe birou. Nu exist\u0103 niciun argument s\u0103 nu semneze. Inspectorii rutieri din prim\u0103rie au spus c\u0103 exist\u0103 avizul, iar \u00een privin\u021ba lui Comisia Tehnic\u0103 de Circula\u021bie \u0219i-a exprimat punctul de vedere favorabil. Cea mai important\u0103 este concluzia: rezolu\u021bia este da. \u00cen acest \u00eenscris avem \u0219i data de la care aceste documente se afl\u0103 la map\u0103 pe masa primarului Nicu\u0219or Dan\u201d, a declarat Daniel B\u0103lu\u021b\u0103.<\/p>\n<p>Lucr\u0103rile Plan\u0219eului Unirii nu pot \u00eencepe f\u0103r\u0103 semn\u0103tura lui Nicu\u0219or<\/p>\n<p>B\u0103lu\u021b\u0103 l-a acuzat \u00een repetate r\u00e2nduri pe Nicu\u0219or Dan c\u0103 blocheaz\u0103 proiectul \u00een mod nedrept. \u0218i c\u0103 este singurul care se \u00eempotrive\u0219te reabilit\u0103rii plan\u0219eului, de\u0219i s-a dovedit c\u0103 locul este grav deteriorat.<\/p>\n<p>Primarul Sectorului 4 a declarat c\u0103 Primarul Capitalei, care e \u0219i candidat la alegerile preziden\u021biale, nu-\u0219i \u00eendepline\u0219te responsabilit\u0103\u021bile \u0219i nu semneaz\u0103 avizul pentru reabilitarea Plan\u0219eului Unirii, cel al Comisiei Tehnice de Circula\u021bie. Solicitarea a fost depus\u0103 \u00eenc\u0103 de anul trecut.<\/p>\n<p>Proiectul de refacere a Plan\u0219eului a fost aprobat de Termoenergetica, Metrorex, Apa Nova, STB, ISU \u0219i alte institu\u021bii. Doar mai lipse\u0219te acel aviz pentru a putea \u00eencepe lucr\u0103rile la Plan\u0219eul Unirii.<\/p>\n<p>\u00centr-unul din cele mai recente clipuri, B\u0103lu\u021b\u0103 \u00eel \u00eentreab\u0103 din nou pe Nicu\u0219or Dan c\u00e2nd va semna h\u00e2rtiile necesare.<\/p>","protected":false},"excerpt":{"rendered":"<p>\u201eNicu\u0219or Dan expune ora\u0219ul la pericole reale. Cel care se viseaz\u0103 pre\u0219edintele Rom\u00e2niei nu e&hellip;<\/p>\n","protected":false},"author":0,"featured_media":42349,"comment_status":"open","ping_status":"open","sticky":false,"template":"","format":"standard","meta":{"footnotes":""},"categories":[2],"tags":[],"class_list":["post-42353","post","type-post","status-publish","format-standard","has-post-thumbnail","hentry","category-actual"],"_links":{"self":[{"href":"https:\/\/247stiri.ro\/index.php\/wp-json\/wp\/v2\/posts\/42353","targetHints":{"allow":["GET"]}}],"collection":[{"href":"https:\/\/247stiri.ro\/index.php\/wp-json\/wp\/v2\/posts"}],"about":[{"href":"https:\/\/247stiri.ro\/index.php\/wp-json\/wp\/v2\/types\/post"}],"replies":[{"embeddable":true,"href":"https:\/\/247stiri.ro\/index.php\/wp-json\/wp\/v2\/comments?post=42353"}],"version-history":[{"count":0,"href":"https:\/\/247stiri.ro\/index.php\/wp-json\/wp\/v2\/posts\/42353\/revisions"}],"wp:featuredmedia":[{"embeddable":true,"href":"https:\/\/247stiri.ro\/index.php\/wp-json\/wp\/v2\/media\/42349"}],"wp:attachment":[{"href":"https:\/\/247stiri.ro\/index.php\/wp-json\/wp\/v2\/media?parent=42353"}],"wp:term":[{"taxonomy":"category","embeddable":true,"href":"https:\/\/247stiri.ro\/index.php\/wp-json\/wp\/v2\/categories?post=42353"},{"taxonomy":"post_tag","embeddable":true,"href":"https:\/\/247stiri.ro\/index.php\/wp-json\/wp\/v2\/tags?post=42353"}],"curies":[{"name":"wp","href":"https:\/\/api.w.org\/{rel}","templated":true}]}}