{"id":42354,"date":"2025-03-25T09:45:40","date_gmt":"2025-03-25T09:45:40","guid":{"rendered":"https:\/\/247stiri.ro\/index.php\/2025\/03\/25\/george-simion-anunt-de-unitate-pentru-mitingul-de-ziua-lui-calin-georgescu-cu-totii-cei-din-constitutiei-si-victoriei-vom-fi-impreuna-uniti-pentru-liderul-miscarii-suveraniste\/"},"modified":"2025-03-25T09:45:40","modified_gmt":"2025-03-25T09:45:40","slug":"george-simion-anunt-de-unitate-pentru-mitingul-de-ziua-lui-calin-georgescu-cu-totii-cei-din-constitutiei-si-victoriei-vom-fi-impreuna-uniti-pentru-liderul-miscarii-suveraniste","status":"publish","type":"post","link":"https:\/\/247stiri.ro\/index.php\/2025\/03\/25\/george-simion-anunt-de-unitate-pentru-mitingul-de-ziua-lui-calin-georgescu-cu-totii-cei-din-constitutiei-si-victoriei-vom-fi-impreuna-uniti-pentru-liderul-miscarii-suveraniste\/","title":{"rendered":"George Simion, anun\u021b de unitate pentru mitingul de ziua lui C\u0103lin Georgescu: Cu to\u021bii, cei din Constitu\u021biei \u0219i Victoriei, vom fi \u00eempreun\u0103 uni\u021bi pentru liderul mi\u0219c\u0103rii suveraniste"},"content":{"rendered":"<p>\u201eNoi suntem cu to\u021bii uni\u021bi \u0219i ac\u021biunile de m\u00e2ine au \u00een vedere protestul fata de lovitura de stat care s-a dat \u0219i semnul c\u0103 nu l-am uitat pe C\u0103lin Georgescu, care este liderul mi\u0219c\u0103rii \u201eRom\u00e2nia pe primul loc\u201d. To\u021bi cei care sunt de la ora 12 \u0219i se \u00eent\u00e2lnesc \u00een Pia\u021ba Constitu\u021biei \u0219i bravo lor pentru aceast\u0103 ac\u021biune a poporului rom\u00e2n.<\/p>\n<p>Noi vom face la ora 16 un miting autorizat \u00een fa\u021ba AEP \u0219i la 17.30 Pia\u021ba Victoriei c\u0103 a\u0219a au decis cei din cercul de \u00eencredere. Cu to\u021bii, cu Constitu\u021biei \u0219i Victoriei vom fi \u00eempreun\u0103 uni\u021bi pentru liderul mi\u0219c\u0103rii suveraniste.\u201d, a declarat George Simion.<\/p>\n<p><a title=\"@georgesimionoficial\" href=\"https:\/\/www.tiktok.com\/@georgesimionoficial?refer=embed\" target=\"_blank\">@georgesimionoficial<\/a> M\u00e2ine cu totii <a title=\"cg1\" href=\"https:\/\/www.tiktok.com\/tag\/cg1?refer=embed\" target=\"_blank\">#CG1<\/a> <a title=\"\u266c sunet original - GEORGE SIMION\" href=\"https:\/\/www.tiktok.com\/music\/sunet-original-7485669710592510722?refer=embed\" target=\"_blank\">\u266c sunet original &#8211; GEORGE SIMION<\/a><\/p>","protected":false},"excerpt":{"rendered":"<p>\u201eNoi suntem cu to\u021bii uni\u021bi \u0219i ac\u021biunile de m\u00e2ine au \u00een vedere protestul fata de&hellip;<\/p>\n","protected":false},"author":0,"featured_media":42351,"comment_status":"open","ping_status":"open","sticky":false,"template":"","format":"standard","meta":{"footnotes":""},"categories":[2],"tags":[],"class_list":["post-42354","post","type-post","status-publish","format-standard","has-post-thumbnail","hentry","category-actual"],"_links":{"self":[{"href":"https:\/\/247stiri.ro\/index.php\/wp-json\/wp\/v2\/posts\/42354","targetHints":{"allow":["GET"]}}],"collection":[{"href":"https:\/\/247stiri.ro\/index.php\/wp-json\/wp\/v2\/posts"}],"about":[{"href":"https:\/\/247stiri.ro\/index.php\/wp-json\/wp\/v2\/types\/post"}],"replies":[{"embeddable":true,"href":"https:\/\/247stiri.ro\/index.php\/wp-json\/wp\/v2\/comments?post=42354"}],"version-history":[{"count":0,"href":"https:\/\/247stiri.ro\/index.php\/wp-json\/wp\/v2\/posts\/42354\/revisions"}],"wp:featuredmedia":[{"embeddable":true,"href":"https:\/\/247stiri.ro\/index.php\/wp-json\/wp\/v2\/media\/42351"}],"wp:attachment":[{"href":"https:\/\/247stiri.ro\/index.php\/wp-json\/wp\/v2\/media?parent=42354"}],"wp:term":[{"taxonomy":"category","embeddable":true,"href":"https:\/\/247stiri.ro\/index.php\/wp-json\/wp\/v2\/categories?post=42354"},{"taxonomy":"post_tag","embeddable":true,"href":"https:\/\/247stiri.ro\/index.php\/wp-json\/wp\/v2\/tags?post=42354"}],"curies":[{"name":"wp","href":"https:\/\/api.w.org\/{rel}","templated":true}]}}