{"id":42355,"date":"2025-03-25T09:45:40","date_gmt":"2025-03-25T09:45:40","guid":{"rendered":"https:\/\/247stiri.ro\/index.php\/2025\/03\/25\/perchezitii-de-amploare-in-bucuresti-si-doua-judete-din-tara-in-dosarul-violentelor-din-fata-bec-din-9-martie\/"},"modified":"2025-03-25T09:45:40","modified_gmt":"2025-03-25T09:45:40","slug":"perchezitii-de-amploare-in-bucuresti-si-doua-judete-din-tara-in-dosarul-violentelor-din-fata-bec-din-9-martie","status":"publish","type":"post","link":"https:\/\/247stiri.ro\/index.php\/2025\/03\/25\/perchezitii-de-amploare-in-bucuresti-si-doua-judete-din-tara-in-dosarul-violentelor-din-fata-bec-din-9-martie\/","title":{"rendered":"Perchezi\u0163ii de amploare \u00een Bucure\u015fti \u015fi dou\u0103 jude\u0163e din \u021bar\u0103, \u00een dosarul violen\u021belor din fa\u021ba BEC, din 9 martie"},"content":{"rendered":"<p>Potrivit Poli\u0163iei Capitalei, mar\u0163i, poli\u0163i\u015fti din cadrul Direc\u0163iei Generale de Poli\u0163ie a Municipiului Bucure\u015fti &#8211; Serviciul de Investiga\u0163ii Criminale, \u00eempreun\u0103 cu Serviciul Grupuri Infrac\u0163ionale Violente, sub supravegherea Parchetului de pe l\u00e2ng\u0103 Tribunalul Bucure\u015fti, au pus \u00een aplicare 13 mandate de perchezi\u0163ie domiciliar\u0103, \u00een municipiul Bucure\u015fti \u015fi \u00een jude\u0163ele Ilfov \u015fi D\u00e2mbovi\u0163a, \u00eentr-un dosar penal \u00een care se fac cercet\u0103ri pentru ultraj, tulburare a ordinii \u015fi lini\u015ftii publice \u015fi distrugere.<\/p>\n<p><a href=\"https:\/\/www.realitatea.net\/stiri\/actual\/sedinta-bec-suspendata-10-minute-lipseste-o-semnatura-din-dosarul-de-candidat-al-lui-calin-georgescu_67cdc72f669b934830394a42#google_vignette\" target=\"_blank\">Revolt\u0103 total\u0103 dup\u0103 respingerea candidaturii lui C\u0103lin Georgescu. \u00cembr\u00e2nceli cu jandarmii, petarde \u0219i gaze lacrimogene \u00een fa\u021ba BEC. O ma\u0219in\u0103 a fost r\u0103sturnat\u0103, copacii au fost ar\u0219i. Scutierii au intervenit &#8211; LIVE TEXT \u0219i VIDEO<\/a><\/p>\n<p>\u00cen fapt, la data de 9 martie 2025, mai multe persoane ar fi participat la un protest spontan, pe o strad\u0103 din Sectorul 3, \u00een zona sediului Biroului Electoral Central. \u00cen acest context, unii dintre participan\u0163ii la protest ar fi \u00eenceput s\u0103 se manifeste violent, \u00een sensul c\u0103 au recurs la acte de violen\u0163\u0103 fizic\u0103 fa\u0163\u0103 de for\u0163ele de ordine, arunc\u00e2nd obiecte dure \u00een direc\u0163ia acestora \u015fi au provocat distrugeri stradale \u015fi \u00een dauna mai multor societ\u0103\u0163i situate \u00een acea zon\u0103.<\/p>\n<p>Din cercet\u0103ri, s-a stabilit c\u0103 \u00een timpul protestului violent suspec\u0163ii ar fi folosit obiecte contondente, iar distrugerile ar fi fost provocate \u015fi prin incendiere.<\/p>\n<p>\u00cen scopul administr\u0103rii materialului probator, mar\u0163i, 25 martie 2025, au fost puse \u00een executare 13 mandate de perchezi\u0163ie domiciliar\u0103, fiind depista\u0163i nou\u0103 suspec\u0163i. Ace\u015ftia vor fi condu\u015fi la audieri, la sediul Parchetului Tribunalului Bucure\u015fti, fa\u0163\u0103 de ace\u015ftia urm\u00e2nd a fi dispuse m\u0103surile legale care se impun.<\/p>\n<p>Cercet\u0103rile sunt continuate de c\u0103tre Parchetul de pe l\u00e2ng\u0103 Tribunalul Bucure\u015fti, \u00eempreun\u0103 cu poli\u0163i\u015fti din cadrul Serviciului de Investiga\u0163ii Criminale \u015fi Serviciul Grupuri Infrac\u0163ionale Violente, sub aspectul s\u0103v\u00e2r\u015firii infrac\u0163iunilor de ultraj, distrugere \u015fi tulburare a ordinii \u015fi lini\u015ftii publice.<\/p>\n<p>Violen\u0163ele din 9 martie au izbucnit \u00een cursul serii, dup\u0103 ce Biroul Electoral Central a respins candidatura lui C\u0103lin Georgescu, canditul care a c\u00e2\u0219tigat primul tur al alegerile preziden\u0163iale din 2024, la scrutinul din luna mai.\u00a0<\/p>\n<p>Printre protestatari s-ar fi infiltrat \u0219i <a href=\"https:\/\/www.realitatea.net\/stiri\/actual\/primele-retineri-dupa-violentele-instigatorilor-din-centrul-vechi-al-capitalei_67cfc8f18b967f737a41ae32\" target=\"_blank\">instigatori<\/a> violen\u021bi.\u00a0<\/p>\n<p>Treisprezece jandarmi au fost r\u0103ni\u0163i \u015fi au fost deschise mai multe dosare penale.<\/p>\n<p><a href=\"https:\/\/www.realitatea.net\/stiri\/actual\/alte-doua-persoane-au-fost-retinute-in-dosarul-violentelor-instigatorilor-din-centrul-vechi-o-persoana-este-arestata_67d141e8c4c73536eb148ba3\" target=\"_blank\">Alte dou\u0103 persoane au fost RE\u021aINUTE \u00een dosarul violen\u021belor instigatorilor din Centrul Vechi. O persoan\u0103 este arestat\u0103<\/a><\/p>","protected":false},"excerpt":{"rendered":"<p>Potrivit Poli\u0163iei Capitalei, mar\u0163i, poli\u0163i\u015fti din cadrul Direc\u0163iei Generale de Poli\u0163ie a Municipiului Bucure\u015fti &#8211;&hellip;<\/p>\n","protected":false},"author":0,"featured_media":42356,"comment_status":"open","ping_status":"open","sticky":false,"template":"","format":"standard","meta":{"footnotes":""},"categories":[2],"tags":[],"class_list":["post-42355","post","type-post","status-publish","format-standard","has-post-thumbnail","hentry","category-actual"],"_links":{"self":[{"href":"https:\/\/247stiri.ro\/index.php\/wp-json\/wp\/v2\/posts\/42355","targetHints":{"allow":["GET"]}}],"collection":[{"href":"https:\/\/247stiri.ro\/index.php\/wp-json\/wp\/v2\/posts"}],"about":[{"href":"https:\/\/247stiri.ro\/index.php\/wp-json\/wp\/v2\/types\/post"}],"replies":[{"embeddable":true,"href":"https:\/\/247stiri.ro\/index.php\/wp-json\/wp\/v2\/comments?post=42355"}],"version-history":[{"count":0,"href":"https:\/\/247stiri.ro\/index.php\/wp-json\/wp\/v2\/posts\/42355\/revisions"}],"wp:featuredmedia":[{"embeddable":true,"href":"https:\/\/247stiri.ro\/index.php\/wp-json\/wp\/v2\/media\/42356"}],"wp:attachment":[{"href":"https:\/\/247stiri.ro\/index.php\/wp-json\/wp\/v2\/media?parent=42355"}],"wp:term":[{"taxonomy":"category","embeddable":true,"href":"https:\/\/247stiri.ro\/index.php\/wp-json\/wp\/v2\/categories?post=42355"},{"taxonomy":"post_tag","embeddable":true,"href":"https:\/\/247stiri.ro\/index.php\/wp-json\/wp\/v2\/tags?post=42355"}],"curies":[{"name":"wp","href":"https:\/\/api.w.org\/{rel}","templated":true}]}}