{"id":42360,"date":"2025-03-25T09:45:42","date_gmt":"2025-03-25T09:45:42","guid":{"rendered":"https:\/\/247stiri.ro\/index.php\/2025\/03\/25\/greva-pe-doua-mari-aeroporturi-din-belgia-frecventate-de-foarte-multi-romani-traficul-aerian-dat-peste-cap-pentru-o-zi\/"},"modified":"2025-03-25T09:45:42","modified_gmt":"2025-03-25T09:45:42","slug":"greva-pe-doua-mari-aeroporturi-din-belgia-frecventate-de-foarte-multi-romani-traficul-aerian-dat-peste-cap-pentru-o-zi","status":"publish","type":"post","link":"https:\/\/247stiri.ro\/index.php\/2025\/03\/25\/greva-pe-doua-mari-aeroporturi-din-belgia-frecventate-de-foarte-multi-romani-traficul-aerian-dat-peste-cap-pentru-o-zi\/","title":{"rendered":"Grev\u0103 pe dou\u0103 mari aeroporturi din Belgia, frecventate de foarte mul\u021bi rom\u00e2ni: traficul aerian, dat peste cap pentru o zi"},"content":{"rendered":"<p>Toate zborurile cu plecare pe 31 martie au fost anulate pe dou\u0103 aeroporturi principale care deservesc capitala Belgiei, Bruxelles, din cauza unei greve na\u021bionale de o zi, relateaz\u0103 Reuters.<\/p>\n<p>Este vorba de Aeroportul Bruxelles \u0219i Aeroportul Charleroi.<\/p>\n<p>Aeroportul Bruxelles a declarat c\u0103 sosirile vor fi, de asemenea, afectate, deoarece personalul de la sol \u0219i de securitate se al\u0103tur\u0103 grevei \u00een semn de protest fa\u021b\u0103 de propunerea noului guvern de a reforma pensiile \u0219i pia\u021ba muncii.<\/p>\n<p>Aeroportul Charleroi, situat la aproximativ 60 de kilometri sud de Bruxelles, este folosit \u00een special de companiile aeriene low-cost Ryanair \u0219i Wizz Air, \u0219i este extrem de frecventat de rom\u00e2ni.<\/p>","protected":false},"excerpt":{"rendered":"<p>Toate zborurile cu plecare pe 31 martie au fost anulate pe dou\u0103 aeroporturi principale care&hellip;<\/p>\n","protected":false},"author":0,"featured_media":42346,"comment_status":"open","ping_status":"open","sticky":false,"template":"","format":"standard","meta":{"footnotes":""},"categories":[2],"tags":[],"class_list":["post-42360","post","type-post","status-publish","format-standard","has-post-thumbnail","hentry","category-actual"],"_links":{"self":[{"href":"https:\/\/247stiri.ro\/index.php\/wp-json\/wp\/v2\/posts\/42360","targetHints":{"allow":["GET"]}}],"collection":[{"href":"https:\/\/247stiri.ro\/index.php\/wp-json\/wp\/v2\/posts"}],"about":[{"href":"https:\/\/247stiri.ro\/index.php\/wp-json\/wp\/v2\/types\/post"}],"replies":[{"embeddable":true,"href":"https:\/\/247stiri.ro\/index.php\/wp-json\/wp\/v2\/comments?post=42360"}],"version-history":[{"count":0,"href":"https:\/\/247stiri.ro\/index.php\/wp-json\/wp\/v2\/posts\/42360\/revisions"}],"wp:featuredmedia":[{"embeddable":true,"href":"https:\/\/247stiri.ro\/index.php\/wp-json\/wp\/v2\/media\/42346"}],"wp:attachment":[{"href":"https:\/\/247stiri.ro\/index.php\/wp-json\/wp\/v2\/media?parent=42360"}],"wp:term":[{"taxonomy":"category","embeddable":true,"href":"https:\/\/247stiri.ro\/index.php\/wp-json\/wp\/v2\/categories?post=42360"},{"taxonomy":"post_tag","embeddable":true,"href":"https:\/\/247stiri.ro\/index.php\/wp-json\/wp\/v2\/tags?post=42360"}],"curies":[{"name":"wp","href":"https:\/\/api.w.org\/{rel}","templated":true}]}}