{"id":42373,"date":"2025-03-25T10:45:39","date_gmt":"2025-03-25T10:45:39","guid":{"rendered":"https:\/\/247stiri.ro\/index.php\/2025\/03\/25\/masina-pentru-16-ani-lovita-de-un-tramvai-in-capitala-liniile-de-tramvai-7-19-si-25-sunt-blocate\/"},"modified":"2025-03-25T10:45:39","modified_gmt":"2025-03-25T10:45:39","slug":"masina-pentru-16-ani-lovita-de-un-tramvai-in-capitala-liniile-de-tramvai-7-19-si-25-sunt-blocate","status":"publish","type":"post","link":"https:\/\/247stiri.ro\/index.php\/2025\/03\/25\/masina-pentru-16-ani-lovita-de-un-tramvai-in-capitala-liniile-de-tramvai-7-19-si-25-sunt-blocate\/","title":{"rendered":"Ma\u0219in\u0103 &#8222;pentru 16 ani&#8221;, lovit\u0103 de un tramvai, \u00een Capital\u0103. Liniile de tramvai 7, 19 \u0219i 25 sunt BLOCATE"},"content":{"rendered":"<p>O ma\u0219in\u0103 care poate fi condus\u0103 de persoane de 16 ani a fost implicat\u0103, mar\u021bi, \u00eentr-un accident rutier. Autoturismul a fost lovit de un tramvai \u00een zona \u0218ura Mare.\u00a0<\/p>\n<p>P\u00e2n\u0103 la ora transmiterii acestei \u0219tiri nu exist\u0103 informa\u021bii legate de posibil r\u0103ni\u021bi nici \u00een ceea ce prive\u0219te conduc\u0103torul auto, dar nici legat de pasagerii din ma\u0219in\u0103.\u00a0<\/p>\n<p><a href=\"https:\/\/www.realitatea.net\/stiri\/actual\/masina-in-flacari-pe-calea-mosilor-din-capitala-focul-sa-extins-la-alte-4-autoturisme-foto_67e259774068a26afe76d61b\" target=\"_blank\">Ma\u0219in\u0103 \u00een fl\u0103c\u0103ri pe Calea Mo\u0219ilor din Capital\u0103: focul s-a extins \u0219i la alte autoturisme parcate. 7 vehicule afectate, \u00een total FOTO&amp;VIDEO<\/a><\/p>\n<p>STB \u00eei anun\u021b\u0103 pe c\u0103l\u0103tori c\u0103 tramvaiele circul\u0103 deviat.<\/p>\n<p>&#8222;Liniile 7, 19 si 25 \u2013 blocate \u00een zona \u0218os. Giurgiului\/Str. \u0218ura Mare, pe sensul spre Pia\u021ba Eroii Revolu\u021biei. Cauza: eveniment de circula\u021bie. S-au aplicat m\u0103suri de deviere&#8221;, este mesajul postat pe pagina X \u201e<a href=\"https:\/\/x.com\/Clienti_stbsa\/status\/1904474423148605561?ref_src=twsrc%5Egoogle%7Ctwcamp%5Eserp%7Ctwgr%5Etweet\" target=\"_blank\">STB SA Clienti<\/a>\u201d.<\/p>","protected":false},"excerpt":{"rendered":"<p>O ma\u0219in\u0103 care poate fi condus\u0103 de persoane de 16 ani a fost implicat\u0103, mar\u021bi,&hellip;<\/p>\n","protected":false},"author":0,"featured_media":42374,"comment_status":"open","ping_status":"open","sticky":false,"template":"","format":"standard","meta":{"footnotes":""},"categories":[2],"tags":[],"class_list":["post-42373","post","type-post","status-publish","format-standard","has-post-thumbnail","hentry","category-actual"],"_links":{"self":[{"href":"https:\/\/247stiri.ro\/index.php\/wp-json\/wp\/v2\/posts\/42373","targetHints":{"allow":["GET"]}}],"collection":[{"href":"https:\/\/247stiri.ro\/index.php\/wp-json\/wp\/v2\/posts"}],"about":[{"href":"https:\/\/247stiri.ro\/index.php\/wp-json\/wp\/v2\/types\/post"}],"replies":[{"embeddable":true,"href":"https:\/\/247stiri.ro\/index.php\/wp-json\/wp\/v2\/comments?post=42373"}],"version-history":[{"count":0,"href":"https:\/\/247stiri.ro\/index.php\/wp-json\/wp\/v2\/posts\/42373\/revisions"}],"wp:featuredmedia":[{"embeddable":true,"href":"https:\/\/247stiri.ro\/index.php\/wp-json\/wp\/v2\/media\/42374"}],"wp:attachment":[{"href":"https:\/\/247stiri.ro\/index.php\/wp-json\/wp\/v2\/media?parent=42373"}],"wp:term":[{"taxonomy":"category","embeddable":true,"href":"https:\/\/247stiri.ro\/index.php\/wp-json\/wp\/v2\/categories?post=42373"},{"taxonomy":"post_tag","embeddable":true,"href":"https:\/\/247stiri.ro\/index.php\/wp-json\/wp\/v2\/tags?post=42373"}],"curies":[{"name":"wp","href":"https:\/\/api.w.org\/{rel}","templated":true}]}}