{"id":42375,"date":"2025-03-25T10:45:40","date_gmt":"2025-03-25T10:45:40","guid":{"rendered":"https:\/\/247stiri.ro\/index.php\/2025\/03\/25\/ipoteza-soc-coiful-dacic-de-la-cotofenesti-furat-de-la-muzeul-din-olanda-ar-fi-deteriorat\/"},"modified":"2025-03-25T10:45:40","modified_gmt":"2025-03-25T10:45:40","slug":"ipoteza-soc-coiful-dacic-de-la-cotofenesti-furat-de-la-muzeul-din-olanda-ar-fi-deteriorat","status":"publish","type":"post","link":"https:\/\/247stiri.ro\/index.php\/2025\/03\/25\/ipoteza-soc-coiful-dacic-de-la-cotofenesti-furat-de-la-muzeul-din-olanda-ar-fi-deteriorat\/","title":{"rendered":"Ipotez\u0103-\u0219oc! Coiful dacic de la Co\u021bofene\u0219ti, furat de la muzeul din Olanda, ar fi deteriorat"},"content":{"rendered":"<p>Noi informa\u021bii ies la iveal\u0103 \u00een cazul jafului de propor\u021bii de la muzeul din Olanda. Potrivit imaginilor surprinse de camerele de supraveghere, ho\u021bii ar fi aruncat coiful de aur pe calea de evacuare, ceea ce ridic\u0103 suspiciuni c\u0103 piesa de tezaur ar putea fi deteriorat\u0103.<\/p>\n<p>Directorul muzeului a declarat pentru o publica\u021bie olandez\u0103 c\u0103 suspec\u021bii au \u00eencercat s\u0103 sustrag\u0103 \u0219i un al doilea coif de aur, \u00eens\u0103 nu au reu\u0219it s\u0103-l scoat\u0103 din vitrin\u0103. Totodat\u0103, acesta a subliniat c\u0103 sistemul de securitate al muzeului nu a func\u021bionat corespunz\u0103tor. Dispozitivul care trebuia s\u0103 umple sala cu fum pentru a bloca vizibilitatea ho\u021bilor nu s-a activat, permi\u021b\u00e2ndu-le astfel s\u0103 vad\u0103 clar obiectele de patrimoniu.<\/p>\n<p>Conform investiga\u021biilor, vitrina \u00een care se afla coiful furat a fost spart\u0103 dup\u0103 ce a fost lovit\u0103 de dou\u0103 ori cu pumnul. Ancheta continu\u0103, iar autorit\u0103\u021bile cerceteaz\u0103 patru suspec\u021bi \u2013 trei b\u0103rba\u021bi \u0219i o femeie. Aceasta din urm\u0103 a fost eliberat\u0103 de anchetatorii olandezi, \u00een timp ce un al cincilea suspect, considerat a fi persoana care \u0219tie unde se afl\u0103 coiful \u0219i br\u0103\u021b\u0103rile dacice, este \u00een continuare c\u0103utat.<\/p>","protected":false},"excerpt":{"rendered":"<p>Noi informa\u021bii ies la iveal\u0103 \u00een cazul jafului de propor\u021bii de la muzeul din Olanda.&hellip;<\/p>\n","protected":false},"author":0,"featured_media":42376,"comment_status":"open","ping_status":"open","sticky":false,"template":"","format":"standard","meta":{"footnotes":""},"categories":[2],"tags":[],"class_list":["post-42375","post","type-post","status-publish","format-standard","has-post-thumbnail","hentry","category-actual"],"_links":{"self":[{"href":"https:\/\/247stiri.ro\/index.php\/wp-json\/wp\/v2\/posts\/42375","targetHints":{"allow":["GET"]}}],"collection":[{"href":"https:\/\/247stiri.ro\/index.php\/wp-json\/wp\/v2\/posts"}],"about":[{"href":"https:\/\/247stiri.ro\/index.php\/wp-json\/wp\/v2\/types\/post"}],"replies":[{"embeddable":true,"href":"https:\/\/247stiri.ro\/index.php\/wp-json\/wp\/v2\/comments?post=42375"}],"version-history":[{"count":0,"href":"https:\/\/247stiri.ro\/index.php\/wp-json\/wp\/v2\/posts\/42375\/revisions"}],"wp:featuredmedia":[{"embeddable":true,"href":"https:\/\/247stiri.ro\/index.php\/wp-json\/wp\/v2\/media\/42376"}],"wp:attachment":[{"href":"https:\/\/247stiri.ro\/index.php\/wp-json\/wp\/v2\/media?parent=42375"}],"wp:term":[{"taxonomy":"category","embeddable":true,"href":"https:\/\/247stiri.ro\/index.php\/wp-json\/wp\/v2\/categories?post=42375"},{"taxonomy":"post_tag","embeddable":true,"href":"https:\/\/247stiri.ro\/index.php\/wp-json\/wp\/v2\/tags?post=42375"}],"curies":[{"name":"wp","href":"https:\/\/api.w.org\/{rel}","templated":true}]}}