{"id":42378,"date":"2025-03-25T10:45:41","date_gmt":"2025-03-25T10:45:41","guid":{"rendered":"https:\/\/247stiri.ro\/index.php\/2025\/03\/25\/romania-acuzata-de-parlamentarii-rusi-pentru-actiuni-ostile-fata-de-rusia-procuratura-generala-si-mae-de-la-moscova-sesizate\/"},"modified":"2025-03-25T10:45:41","modified_gmt":"2025-03-25T10:45:41","slug":"romania-acuzata-de-parlamentarii-rusi-pentru-actiuni-ostile-fata-de-rusia-procuratura-generala-si-mae-de-la-moscova-sesizate","status":"publish","type":"post","link":"https:\/\/247stiri.ro\/index.php\/2025\/03\/25\/romania-acuzata-de-parlamentarii-rusi-pentru-actiuni-ostile-fata-de-rusia-procuratura-generala-si-mae-de-la-moscova-sesizate\/","title":{"rendered":"Rom\u00e2nia, acuzat\u0103 de parlamentarii ru\u0219i pentru ac\u0163iuni ostile fa\u021b\u0103 de Rusia. Procuratura General\u0103 \u015fi MAE de la Moscova, sesizate"},"content":{"rendered":"<p>\u201eComisia a studiat materialele forumului \u201eMarea Neagr\u0103: frontiera viitorului pentru o Europ\u0103 sigur\u0103 \u015fi stabil\u0103\u201d desf\u0103\u015furat recent \u00een Parlamentul Rom\u00e2niei cu participarea reprezentan\u0163ilor unei organiza\u0163ii teroriste interzise \u00een Rusia\u201d, sus\u0163ine parlamentarul rus, f\u0103r\u0103 a preciza la ce organiza\u0163ie se refer\u0103.<\/p>\n<p>\u201eMaterialele colectate au fost transmise Procuraturii Generale a Federa\u0163iei Ruse pentru evaluarea juridic\u0103 \u015fi luarea deciziilor \u00een conformitate cu legisla\u0163ia noastr\u0103, precum \u015fi Ministerului Afacerilor Externe al Federa\u0163iei Ruse pentru un r\u0103spuns politic \u015fi diplomatic la ac\u0163iunile ostile ale autorit\u0103\u0163ilor rom\u00e2ne, care au oferit terori\u015ftilor o platform\u0103 parlamentar\u0103 pentru a desf\u0103\u015fura provoc\u0103ri \u00eempotriva \u0163\u0103rii noastre\u201d, a declarat Piskarev, citat de contul Telegram al Comisiei pe care o prezideaz\u0103.<\/p>\n<p>Potrivit deputa\u0163ilor ru\u015fi, \u00een timpul evenimentului din Parlamentul Rom\u00e2niei, \u201eau fost f\u0103cute apeluri repetate c\u0103tre \u0163\u0103rile occidentale, inclusiv de c\u0103tre agen\u0163i str\u0103ini, pentru a ob\u0163ine \u00eenfr\u00e2ngerea militar\u0103 a Rusiei \u015fi dezmembrarea ei \u00een mai multe state independente\u201d.<\/p>\n<p>\u00cen plus, a ad\u0103ugat Piskarev, au existat propuneri de \u201eretragere a Rusiei de la Marea Neagr\u0103\u201d, ceea ce are elementele constitutive ale infrac\u0163iunilor de \u201eapel public la ac\u0163iuni menite s\u0103 \u00eencalce integritatea teritorial\u0103 a Federa\u0163iei Ruse\u201d \u015fi \u201eapel public la declan\u015farea unui r\u0103zboi de agresiune\u201d, a afirmat deputatul de la Moscova.<\/p>","protected":false},"excerpt":{"rendered":"<p>\u201eComisia a studiat materialele forumului \u201eMarea Neagr\u0103: frontiera viitorului pentru o Europ\u0103 sigur\u0103 \u015fi stabil\u0103\u201d&hellip;<\/p>\n","protected":false},"author":0,"featured_media":42366,"comment_status":"open","ping_status":"open","sticky":false,"template":"","format":"standard","meta":{"footnotes":""},"categories":[2],"tags":[],"class_list":["post-42378","post","type-post","status-publish","format-standard","has-post-thumbnail","hentry","category-actual"],"_links":{"self":[{"href":"https:\/\/247stiri.ro\/index.php\/wp-json\/wp\/v2\/posts\/42378","targetHints":{"allow":["GET"]}}],"collection":[{"href":"https:\/\/247stiri.ro\/index.php\/wp-json\/wp\/v2\/posts"}],"about":[{"href":"https:\/\/247stiri.ro\/index.php\/wp-json\/wp\/v2\/types\/post"}],"replies":[{"embeddable":true,"href":"https:\/\/247stiri.ro\/index.php\/wp-json\/wp\/v2\/comments?post=42378"}],"version-history":[{"count":0,"href":"https:\/\/247stiri.ro\/index.php\/wp-json\/wp\/v2\/posts\/42378\/revisions"}],"wp:featuredmedia":[{"embeddable":true,"href":"https:\/\/247stiri.ro\/index.php\/wp-json\/wp\/v2\/media\/42366"}],"wp:attachment":[{"href":"https:\/\/247stiri.ro\/index.php\/wp-json\/wp\/v2\/media?parent=42378"}],"wp:term":[{"taxonomy":"category","embeddable":true,"href":"https:\/\/247stiri.ro\/index.php\/wp-json\/wp\/v2\/categories?post=42378"},{"taxonomy":"post_tag","embeddable":true,"href":"https:\/\/247stiri.ro\/index.php\/wp-json\/wp\/v2\/tags?post=42378"}],"curies":[{"name":"wp","href":"https:\/\/api.w.org\/{rel}","templated":true}]}}