{"id":42383,"date":"2025-03-25T10:45:43","date_gmt":"2025-03-25T10:45:43","guid":{"rendered":"https:\/\/247stiri.ro\/index.php\/2025\/03\/25\/marcel-ciolacu-mesaj-de-ziua-politiei-romania-este-o-tara-sigura-o-tara-in-care-poti-iesi-noaptea-pe-strada-fara-sa-iti-fie-teama\/"},"modified":"2025-03-25T10:45:43","modified_gmt":"2025-03-25T10:45:43","slug":"marcel-ciolacu-mesaj-de-ziua-politiei-romania-este-o-tara-sigura-o-tara-in-care-poti-iesi-noaptea-pe-strada-fara-sa-iti-fie-teama","status":"publish","type":"post","link":"https:\/\/247stiri.ro\/index.php\/2025\/03\/25\/marcel-ciolacu-mesaj-de-ziua-politiei-romania-este-o-tara-sigura-o-tara-in-care-poti-iesi-noaptea-pe-strada-fara-sa-iti-fie-teama\/","title":{"rendered":"Marcel Ciolacu, mesaj de Ziua Poli\u0163iei: Rom\u00e2nia este o \u0163ar\u0103 sigur\u0103, o \u0163ar\u0103 \u00een care po\u0163i ie\u015fi noaptea pe strad\u0103 f\u0103r\u0103 s\u0103 \u00ee\u0163i fie team\u0103"},"content":{"rendered":"<p>Premierul Marcel Ciolacu particip\u0103, mar\u0163i, la manifest\u0103rile dedicate s\u0103rb\u0103toririi Zilei Poli\u0163iei Rom\u00e2ne \u015fi a apreciat activitatea institu\u0163iei.<\/p>\n<p>\u201dAdev\u0103rul e c\u0103 Rom\u00e2nia este o \u0163ar\u0103 sigur\u0103, o \u0163ar\u0103 \u00een care po\u0163i ie\u015fi noaptea pe strad\u0103 f\u0103r\u0103 s\u0103 \u00ee\u0163i fie team\u0103. Este primul lucru pe care \u00eel constat\u0103 un str\u0103in care vine s\u0103 ne viziteze. Este un lucru pentru care suntem l\u0103uda\u0163i \u015fi da\u0163i exemplu \u00een marile capitale europene. Este lucrul pe care \u00eel constat\u0103 orice rom\u00e2n plecat \u00een afara \u0163\u0103rii, fie la munc\u0103, fie \u00eentr-o simpl\u0103 vizit\u0103, \u00een vacan\u0163\u0103\u201d, a afirmat premierul.<\/p>\n<p>Potrivit acestuia, \u201daceast\u0103 siguran\u0163\u0103 nu este \u00eens\u0103 un dat\u201d.<\/p>\n<p>\u201dSiguran\u0163a de care ne bucur\u0103m noi, rom\u00e2nii, este rezultatul muncii sus\u0163inute a zeci de mii de oameni \u00een uniform\u0103. Este rezultatul muncii dumneavoastr\u0103! Datorit\u0103 profesionalismului \u015fi implic\u0103rii structurilor Poli\u0163iei Rom\u00e2ne \u015fi ale Ministerului Afacerilor Interne, ast\u0103zi putem spune cu m\u00e2ndrie c\u0103 Rom\u00e2nia este una dintre cele mai sigure \u0163\u0103ri din regiune\u201d, a mai transmis premierul.<\/p>\n<p>Acesta a ad\u0103ugat c\u0103, doar anul trecut, \u201dPoli\u0163ia Rom\u00e2n\u0103 a demonstrat o capacitate de reac\u0163ie remarcabil\u0103, cu aproape un milion de interven\u0163ii \u015fi peste 130.000 de conflicte aplanate\u201d.<\/p>\n<p>\u201dAceste cifre care pentru mul\u0163i sunt doar statistici sunt dovezi clare ale angajamentului dumneavoastr\u0103 de a fi mereu \u00een slujba rom\u00e2nilor, de a fi prezen\u0163i \u00een comunit\u0103\u0163i, de a r\u0103spunde rapid \u015fi eficient la nevoile cet\u0103\u0163enilor. Un adev\u0103rat pilon de sprijin pentru societate\u201d, a afirmat Ciolacu.<\/p>","protected":false},"excerpt":{"rendered":"<p>Premierul Marcel Ciolacu particip\u0103, mar\u0163i, la manifest\u0103rile dedicate s\u0103rb\u0103toririi Zilei Poli\u0163iei Rom\u00e2ne \u015fi a apreciat&hellip;<\/p>\n","protected":false},"author":0,"featured_media":42372,"comment_status":"open","ping_status":"open","sticky":false,"template":"","format":"standard","meta":{"footnotes":""},"categories":[2],"tags":[],"class_list":["post-42383","post","type-post","status-publish","format-standard","has-post-thumbnail","hentry","category-actual"],"_links":{"self":[{"href":"https:\/\/247stiri.ro\/index.php\/wp-json\/wp\/v2\/posts\/42383","targetHints":{"allow":["GET"]}}],"collection":[{"href":"https:\/\/247stiri.ro\/index.php\/wp-json\/wp\/v2\/posts"}],"about":[{"href":"https:\/\/247stiri.ro\/index.php\/wp-json\/wp\/v2\/types\/post"}],"replies":[{"embeddable":true,"href":"https:\/\/247stiri.ro\/index.php\/wp-json\/wp\/v2\/comments?post=42383"}],"version-history":[{"count":0,"href":"https:\/\/247stiri.ro\/index.php\/wp-json\/wp\/v2\/posts\/42383\/revisions"}],"wp:featuredmedia":[{"embeddable":true,"href":"https:\/\/247stiri.ro\/index.php\/wp-json\/wp\/v2\/media\/42372"}],"wp:attachment":[{"href":"https:\/\/247stiri.ro\/index.php\/wp-json\/wp\/v2\/media?parent=42383"}],"wp:term":[{"taxonomy":"category","embeddable":true,"href":"https:\/\/247stiri.ro\/index.php\/wp-json\/wp\/v2\/categories?post=42383"},{"taxonomy":"post_tag","embeddable":true,"href":"https:\/\/247stiri.ro\/index.php\/wp-json\/wp\/v2\/tags?post=42383"}],"curies":[{"name":"wp","href":"https:\/\/api.w.org\/{rel}","templated":true}]}}