{"id":42394,"date":"2025-03-25T11:45:15","date_gmt":"2025-03-25T11:45:15","guid":{"rendered":"https:\/\/247stiri.ro\/index.php\/2025\/03\/25\/100-de-zile-de-la-anularea-alegerilor-nicio-proba-ce-ni-se-ascunde\/"},"modified":"2025-03-25T11:45:15","modified_gmt":"2025-03-25T11:45:15","slug":"100-de-zile-de-la-anularea-alegerilor-nicio-proba-ce-ni-se-ascunde","status":"publish","type":"post","link":"https:\/\/247stiri.ro\/index.php\/2025\/03\/25\/100-de-zile-de-la-anularea-alegerilor-nicio-proba-ce-ni-se-ascunde\/","title":{"rendered":"100 de zile de la ANULAREA alegerilor, NICIO prob\u0103: ce ni se ascunde"},"content":{"rendered":"<p>Este o situa\u021bie f\u0103r\u0103 precedent \u00een ceea ce prive\u0219te rela\u021biile diplomatice din \u021bara noastr\u0103.<\/p>\n<p>Au trecut mai bine de 3 luni de la decizia anul\u0103rii alegerilor preziden\u021biale \u0219i nu au existat, potrivit informa\u021biilor ob\u021binute de Realitatea PLUS, m\u0103suri luate de Ministerul Afacerilor Externe \u00een ceea ce prive\u0219te discu\u021biile diplomatice cu ambasadorul rus la Bucure\u0219ti.<\/p>\n<p>\u0218tim c\u0103 motivul principal al anul\u0103rii alegerilor a fost interferen\u021ba ruseasc\u0103 \u0219i o posibil\u0103 influen\u021bare a procesului electoral.<\/p>\n<p>Atunci c\u00e2nd s-a pus aceast\u0103 problem\u0103 \u00een Moldova au existat audieri \u0219i discu\u021bii bilaterale. La noi \u00een \u021bar\u0103 este \u00eens\u0103 lini\u0219te pentru c\u0103 &#8211; spun oficialii &#8211; se a\u0219teapt\u0103 rezultatul anchetelor.<\/p>\n<p>\u00cen acela\u0219i timp \u00eens\u0103, trimisul Moscovei la Bucure\u0219ti se amuz\u0103 de aceast\u0103 situa\u021bie \u0219i afirm\u0103 c\u0103 MAE nu are cum s\u0103 cear\u0103 explica\u021bii pentru c\u0103 nu ar fi fost vorba de nicio implicare ruseasc\u0103.<\/p>","protected":false},"excerpt":{"rendered":"<p>Este o situa\u021bie f\u0103r\u0103 precedent \u00een ceea ce prive\u0219te rela\u021biile diplomatice din \u021bara noastr\u0103. Au&hellip;<\/p>\n","protected":false},"author":0,"featured_media":42395,"comment_status":"open","ping_status":"open","sticky":false,"template":"","format":"standard","meta":{"footnotes":""},"categories":[3],"tags":[],"class_list":["post-42394","post","type-post","status-publish","format-standard","has-post-thumbnail","hentry","category-politica"],"_links":{"self":[{"href":"https:\/\/247stiri.ro\/index.php\/wp-json\/wp\/v2\/posts\/42394","targetHints":{"allow":["GET"]}}],"collection":[{"href":"https:\/\/247stiri.ro\/index.php\/wp-json\/wp\/v2\/posts"}],"about":[{"href":"https:\/\/247stiri.ro\/index.php\/wp-json\/wp\/v2\/types\/post"}],"replies":[{"embeddable":true,"href":"https:\/\/247stiri.ro\/index.php\/wp-json\/wp\/v2\/comments?post=42394"}],"version-history":[{"count":0,"href":"https:\/\/247stiri.ro\/index.php\/wp-json\/wp\/v2\/posts\/42394\/revisions"}],"wp:featuredmedia":[{"embeddable":true,"href":"https:\/\/247stiri.ro\/index.php\/wp-json\/wp\/v2\/media\/42395"}],"wp:attachment":[{"href":"https:\/\/247stiri.ro\/index.php\/wp-json\/wp\/v2\/media?parent=42394"}],"wp:term":[{"taxonomy":"category","embeddable":true,"href":"https:\/\/247stiri.ro\/index.php\/wp-json\/wp\/v2\/categories?post=42394"},{"taxonomy":"post_tag","embeddable":true,"href":"https:\/\/247stiri.ro\/index.php\/wp-json\/wp\/v2\/tags?post=42394"}],"curies":[{"name":"wp","href":"https:\/\/api.w.org\/{rel}","templated":true}]}}