{"id":42398,"date":"2025-03-25T11:45:17","date_gmt":"2025-03-25T11:45:17","guid":{"rendered":"https:\/\/247stiri.ro\/index.php\/2025\/03\/25\/doliu-urias-in-literatura-a-murit-unul-dintre-cei-mai-importanti-scriitori-romani-contemporani\/"},"modified":"2025-03-25T11:45:17","modified_gmt":"2025-03-25T11:45:17","slug":"doliu-urias-in-literatura-a-murit-unul-dintre-cei-mai-importanti-scriitori-romani-contemporani","status":"publish","type":"post","link":"https:\/\/247stiri.ro\/index.php\/2025\/03\/25\/doliu-urias-in-literatura-a-murit-unul-dintre-cei-mai-importanti-scriitori-romani-contemporani\/","title":{"rendered":"Doliu uria\u0219 \u00een literatur\u0103! A murit unul dintre cei mai importan\u0163i scriitori rom\u00e2ni contemporani"},"content":{"rendered":"<p>&#8222;V\u0103 anun\u021b\u0103m cu triste\u021be c\u0103 s-a stins din via\u021b\u0103 scriitorul \u0219i bunul nostru prieten Radu \u021auculescu (n. 1 ianuarie 1949, T\u00e2rgu Mure\u0219 &#8211; 25 martie 2025, Sighet). A FOST (greu \u0219i nedrept s\u0103 folosim timpul trecut at\u00e2t de devreme) unul dintre cei mai importan\u021bi scriitori rom\u00e2ni contemporani, reprezentant al genera\u021biei &#8217;80 a postmodernismului literar rom\u00e2nesc. A desf\u0103\u0219urat o activitate cultural\u0103 dinamic\u0103 \u0219i divers\u0103 pe durata unei jum\u0103t\u0103\u021bi de secol, dovedindu-se un creator cu multe talente. A fost prozator, regizor \u0219i dramaturg, piesele sale, devenite spectacole de teatru, fiind chiar mai cunoscute \u00een alte \u021b\u0103ri dec\u00e2t \u00een Rom\u00e2nia, un publicist creativ \u0219i inovator, dar \u0219i un excelent traduc\u0103tor de limb\u0103 german\u0103&#8221;, a transmis, mar\u021bi, Editura \u0218coala Ardelean\u0103, \u00eentr-un mesaj pe Facebook.<\/p>\n\n<p>Potrivit sursei citate, \u00een ultima lun\u0103 de via\u021b\u0103 Radu \u021auculescu &#8222;a tr\u0103it bucuria&#8221; de a vedea ap\u0103rute dou\u0103 c\u0103r\u021bi ale sale.<\/p>\n<p>Una dintre aceste c\u0103r\u021bi este &#8216;Povestirile mamaib\u0103tr\u00eene. Satul de la marginea lumii&#8217;, edi\u021bie ilustrat\u0103 de artistul Flavius Luc\u0103cel \u0219i ap\u0103rut\u0103 \u00een Colec\u021bia &#8216;C\u0103r\u021bi-Eveniment&#8217; la Editura \u0218coala Srdelean\u0103. Romanul a fost deja publicat \u00een Fran\u021ba, Ungaria, Cehia \u0219i Serbia, fiind \u00een curs de traducere \u0219i publicare \u00een limba englez\u0103 \u00een Canada.<\/p>\n<p>Editura \u0218coala Ardelean\u0103 va omagia personalitatea scriitorului printr-un eveniment special &#8216;In Memoriam Radu \u021auculescu&#8217;, pe care \u00eel va organiza \u00een cadrul T\u00e2rgului de Carte Gaudeamus Cluj-Napoca, \u00een perioada 9 &#8211; 13 aprilie 2025.\u00a0<\/p>","protected":false},"excerpt":{"rendered":"<p>&#8222;V\u0103 anun\u021b\u0103m cu triste\u021be c\u0103 s-a stins din via\u021b\u0103 scriitorul \u0219i bunul nostru prieten Radu&hellip;<\/p>\n","protected":false},"author":0,"featured_media":42399,"comment_status":"open","ping_status":"open","sticky":false,"template":"","format":"standard","meta":{"footnotes":""},"categories":[2],"tags":[],"class_list":["post-42398","post","type-post","status-publish","format-standard","has-post-thumbnail","hentry","category-actual"],"_links":{"self":[{"href":"https:\/\/247stiri.ro\/index.php\/wp-json\/wp\/v2\/posts\/42398","targetHints":{"allow":["GET"]}}],"collection":[{"href":"https:\/\/247stiri.ro\/index.php\/wp-json\/wp\/v2\/posts"}],"about":[{"href":"https:\/\/247stiri.ro\/index.php\/wp-json\/wp\/v2\/types\/post"}],"replies":[{"embeddable":true,"href":"https:\/\/247stiri.ro\/index.php\/wp-json\/wp\/v2\/comments?post=42398"}],"version-history":[{"count":0,"href":"https:\/\/247stiri.ro\/index.php\/wp-json\/wp\/v2\/posts\/42398\/revisions"}],"wp:featuredmedia":[{"embeddable":true,"href":"https:\/\/247stiri.ro\/index.php\/wp-json\/wp\/v2\/media\/42399"}],"wp:attachment":[{"href":"https:\/\/247stiri.ro\/index.php\/wp-json\/wp\/v2\/media?parent=42398"}],"wp:term":[{"taxonomy":"category","embeddable":true,"href":"https:\/\/247stiri.ro\/index.php\/wp-json\/wp\/v2\/categories?post=42398"},{"taxonomy":"post_tag","embeddable":true,"href":"https:\/\/247stiri.ro\/index.php\/wp-json\/wp\/v2\/tags?post=42398"}],"curies":[{"name":"wp","href":"https:\/\/api.w.org\/{rel}","templated":true}]}}