{"id":42405,"date":"2025-03-25T11:45:20","date_gmt":"2025-03-25T11:45:20","guid":{"rendered":"https:\/\/247stiri.ro\/index.php\/2025\/03\/25\/george-simion-mesaj-de-forta-cu-10-zile-inainte-de-inceperea-campaniei-scopul-meu-principal-va-fi-restabilirea-ordinii-constitutionale-si-revenirea-la-statul-de-drept\/"},"modified":"2025-03-25T11:45:20","modified_gmt":"2025-03-25T11:45:20","slug":"george-simion-mesaj-de-forta-cu-10-zile-inainte-de-inceperea-campaniei-scopul-meu-principal-va-fi-restabilirea-ordinii-constitutionale-si-revenirea-la-statul-de-drept","status":"publish","type":"post","link":"https:\/\/247stiri.ro\/index.php\/2025\/03\/25\/george-simion-mesaj-de-forta-cu-10-zile-inainte-de-inceperea-campaniei-scopul-meu-principal-va-fi-restabilirea-ordinii-constitutionale-si-revenirea-la-statul-de-drept\/","title":{"rendered":"George Simion, mesaj de for\u021b\u0103 cu 10 zile \u00eenainte de \u00eenceperea campaniei: Scopul meu principal va fi restabilirea ordinii constitu\u021bionale \u0219i revenirea la statul de drept"},"content":{"rendered":"<p>\u201e\u00cen 10 zile \u00eencepe campania preziden\u021bial\u0103. Intr\u0103m \u00een cea mai grea lupt\u0103 de p\u00e2n\u0103 acum. <\/p>\n<p>Scopul meu principal va fi restabilirea ordinii constitu\u021bionale \u0219i revenirea la statul de drept. <\/p>\n<p>Acesta este angajamentul meu. <\/p>\n<p>Tr\u0103iasc\u0103 Romania!\u201d<\/p>\n<p>\ud83c\uddf7\ud83c\uddf4In 10 days presidential campaign begins.We are going into the most toughest battle yet.My main goal will be to restore the constitutional order and return to the rule of law.That is my pledge.Long live <a href=\"https:\/\/twitter.com\/hashtag\/Romania?src=hash&amp;ref_src=twsrc%5Etfw\">#Romania<\/a>!<a href=\"https:\/\/twitter.com\/hashtag\/Democracy?src=hash&amp;ref_src=twsrc%5Etfw\">#Democracy<\/a><a href=\"https:\/\/twitter.com\/hashtag\/Freedom?src=hash&amp;ref_src=twsrc%5Etfw\">#Freedom<\/a> <a href=\"https:\/\/twitter.com\/hashtag\/Peace?src=hash&amp;ref_src=twsrc%5Etfw\">#Peace<\/a><\/p>\n<p>\u2014 \ud83c\uddf7\ud83c\uddf4 George Simion \ud83c\uddf2\ud83c\udde9 (@georgesimion) <a href=\"https:\/\/twitter.com\/georgesimion\/status\/1904466563643703544?ref_src=twsrc%5Etfw\">March 25, 2025<\/a><\/p>","protected":false},"excerpt":{"rendered":"<p>\u201e\u00cen 10 zile \u00eencepe campania preziden\u021bial\u0103. Intr\u0103m \u00een cea mai grea lupt\u0103 de p\u00e2n\u0103 acum.&hellip;<\/p>\n","protected":false},"author":0,"featured_media":42393,"comment_status":"open","ping_status":"open","sticky":false,"template":"","format":"standard","meta":{"footnotes":""},"categories":[2],"tags":[],"class_list":["post-42405","post","type-post","status-publish","format-standard","has-post-thumbnail","hentry","category-actual"],"_links":{"self":[{"href":"https:\/\/247stiri.ro\/index.php\/wp-json\/wp\/v2\/posts\/42405","targetHints":{"allow":["GET"]}}],"collection":[{"href":"https:\/\/247stiri.ro\/index.php\/wp-json\/wp\/v2\/posts"}],"about":[{"href":"https:\/\/247stiri.ro\/index.php\/wp-json\/wp\/v2\/types\/post"}],"replies":[{"embeddable":true,"href":"https:\/\/247stiri.ro\/index.php\/wp-json\/wp\/v2\/comments?post=42405"}],"version-history":[{"count":0,"href":"https:\/\/247stiri.ro\/index.php\/wp-json\/wp\/v2\/posts\/42405\/revisions"}],"wp:featuredmedia":[{"embeddable":true,"href":"https:\/\/247stiri.ro\/index.php\/wp-json\/wp\/v2\/media\/42393"}],"wp:attachment":[{"href":"https:\/\/247stiri.ro\/index.php\/wp-json\/wp\/v2\/media?parent=42405"}],"wp:term":[{"taxonomy":"category","embeddable":true,"href":"https:\/\/247stiri.ro\/index.php\/wp-json\/wp\/v2\/categories?post=42405"},{"taxonomy":"post_tag","embeddable":true,"href":"https:\/\/247stiri.ro\/index.php\/wp-json\/wp\/v2\/tags?post=42405"}],"curies":[{"name":"wp","href":"https:\/\/api.w.org\/{rel}","templated":true}]}}