{"id":42416,"date":"2025-03-25T12:45:11","date_gmt":"2025-03-25T12:45:11","guid":{"rendered":"https:\/\/247stiri.ro\/index.php\/2025\/03\/25\/furtul-tezaurului-dacic-aparatele-de-fum-din-muzeul-drents-nu-au-functionat-corespunzator-al-doilea-coif-de-aur-din-assen-in-atentia-hotilor\/"},"modified":"2025-03-25T12:45:11","modified_gmt":"2025-03-25T12:45:11","slug":"furtul-tezaurului-dacic-aparatele-de-fum-din-muzeul-drents-nu-au-functionat-corespunzator-al-doilea-coif-de-aur-din-assen-in-atentia-hotilor","status":"publish","type":"post","link":"https:\/\/247stiri.ro\/index.php\/2025\/03\/25\/furtul-tezaurului-dacic-aparatele-de-fum-din-muzeul-drents-nu-au-functionat-corespunzator-al-doilea-coif-de-aur-din-assen-in-atentia-hotilor\/","title":{"rendered":"Furtul tezaurului dacic. Aparatele de fum din Muzeul Drents nu au func\u0163ionat corespunz\u0103tor. Al doilea coif de aur din Assen, \u00een aten\u021bia ho\u021bilor"},"content":{"rendered":"<p>Protec\u0163ia cu fum a Muzeului Drents din Assen a e\u015fuat. \u201eSpa\u0163iul expozi\u0163ional ar fi trebuit s\u0103 fie umplut cu fum l\u0103ptos \u00een c\u00e2teva secunde de la explozie, \u00een care s\u0103 nu mai po\u0163i vedea nimic\u201d, spune Oberl\u00e4nder-T\u00e2rnoveanu. \u201eNici m\u0103car propriile m\u00e2ini. \u00cen Assen, apari\u0163ia fumului a fost prea lent\u0103. De ce mecanismul nu a func\u0163ionat cum trebuie?\u201d.<\/p>\n<p>Oberl\u00e4nder-T\u00e2rnoveanu a fost directorul Muzeului Na\u0163ional de Istorie din Bucure\u015fti, de la care Muzeul Drents a \u00eemprumutat piesele. El a fost demis de ministrul Culturii \u00een urma furtului de art\u0103. La dou\u0103 luni de la furtul aurului, el are \u00eenc\u0103\u00a0 \u00eentreb\u0103ri. \u201eCeea ce nici eu nu \u00een\u0163eleg este: cum au putut vitrinele s\u0103 se sparg\u0103 at\u00e2t de repede? Asta nu ar trebui s\u0103 fie posibil\u201d.<\/p>\n<p>Anterior, Muzeul Na\u0163ional de Istorie a Rom\u00e2niei a criticat \u015fi faptul c\u0103 noaptea nu era prezent niciun paznic \u00een Muzeul Drents.<\/p>","protected":false},"excerpt":{"rendered":"<p>Protec\u0163ia cu fum a Muzeului Drents din Assen a e\u015fuat. \u201eSpa\u0163iul expozi\u0163ional ar fi trebuit&hellip;<\/p>\n","protected":false},"author":0,"featured_media":42407,"comment_status":"open","ping_status":"open","sticky":false,"template":"","format":"standard","meta":{"footnotes":""},"categories":[2],"tags":[],"class_list":["post-42416","post","type-post","status-publish","format-standard","has-post-thumbnail","hentry","category-actual"],"_links":{"self":[{"href":"https:\/\/247stiri.ro\/index.php\/wp-json\/wp\/v2\/posts\/42416","targetHints":{"allow":["GET"]}}],"collection":[{"href":"https:\/\/247stiri.ro\/index.php\/wp-json\/wp\/v2\/posts"}],"about":[{"href":"https:\/\/247stiri.ro\/index.php\/wp-json\/wp\/v2\/types\/post"}],"replies":[{"embeddable":true,"href":"https:\/\/247stiri.ro\/index.php\/wp-json\/wp\/v2\/comments?post=42416"}],"version-history":[{"count":0,"href":"https:\/\/247stiri.ro\/index.php\/wp-json\/wp\/v2\/posts\/42416\/revisions"}],"wp:featuredmedia":[{"embeddable":true,"href":"https:\/\/247stiri.ro\/index.php\/wp-json\/wp\/v2\/media\/42407"}],"wp:attachment":[{"href":"https:\/\/247stiri.ro\/index.php\/wp-json\/wp\/v2\/media?parent=42416"}],"wp:term":[{"taxonomy":"category","embeddable":true,"href":"https:\/\/247stiri.ro\/index.php\/wp-json\/wp\/v2\/categories?post=42416"},{"taxonomy":"post_tag","embeddable":true,"href":"https:\/\/247stiri.ro\/index.php\/wp-json\/wp\/v2\/tags?post=42416"}],"curies":[{"name":"wp","href":"https:\/\/api.w.org\/{rel}","templated":true}]}}