{"id":42417,"date":"2025-03-25T12:45:11","date_gmt":"2025-03-25T12:45:11","guid":{"rendered":"https:\/\/247stiri.ro\/index.php\/2025\/03\/25\/stegarul-dac-s-a-dat-jos-din-copacul-de-la-arestul-central-al-politiei-dupa-24-de-ore\/"},"modified":"2025-03-25T12:45:11","modified_gmt":"2025-03-25T12:45:11","slug":"stegarul-dac-s-a-dat-jos-din-copacul-de-la-arestul-central-al-politiei-dupa-24-de-ore","status":"publish","type":"post","link":"https:\/\/247stiri.ro\/index.php\/2025\/03\/25\/stegarul-dac-s-a-dat-jos-din-copacul-de-la-arestul-central-al-politiei-dupa-24-de-ore\/","title":{"rendered":"Stegarul Dac s-a dat jos din copacul de la Arestul Central al Poli\u021biei dup\u0103 24 de ore"},"content":{"rendered":"<p>Cezar Avr\u0103mu\u021b\u0103, Stegarul Dac, un b\u0103rbat de 58 de ani a cobor\u00e2t \u00een sf\u00e2r\u015fit, dup\u0103 mai bine de 24 de ore, din copacul aflat \u00een apropierea Arestului Central al Poli\u0163iei Capitalei, \u00een care se urcase luni, cer\u00e2nd eliberarea omului de afaceri Bogdan Pe\u015fchir, presupusul finan\u0163ator al campaniei electorale a fostului candidat indepdendent la alegerile preziden\u0163iale din decembrie 2024. La aceast\u0103 or\u0103, Stegarul Dac se afl\u0103 \u00een custodia poli\u0163i\u015ftilor \u015fi va fi dus la audieri.<\/p>\n<p><a href=\"https:\/\/www.realitatea.net\/stiri\/actual\/stegarul-dac-recidiveaza-dupa-ce-a-fost-externat-sa-urcat-sa-protesteze-in-varful-unui-copac-video_67e13d4ff11c4b60541cb4dd\" target=\"_blank\">Stegarul Dac recidiveaz\u0103, dup\u0103 ce a fost externat. S-a urcat s\u0103 protesteze \u00een v\u00e2rful unui copac VIDEO<\/a><\/p>\n<p>Poli\u0163ia Capitalei a informat c\u0103 mar\u0163i, \u00een jurul orei 13.15, b\u0103rbatul de 58 de ani a renun\u0163at la ac\u0163iunile sale, \u00een acest moment fiind \u00een custodia poli\u0163i\u015ftilor.Sursa citat\u0103 precizeaz\u0103 c\u0103 b\u0103rbatul nu a suferit accident\u0103ri, acesta fiind condus la sediul Sec\u0163iei 1 Poli\u0163ie pentru audieri.Verific\u0103rile sunt efectuate de c\u0103tre poli\u0163i\u015ftii Capitalei, \u00een vederea lu\u0103rii m\u0103surilor legale ce se impun.B\u0103rbatul de 58 de ani, cunoscut ca Stegarul Dac, s-a urcat, luni dup\u0103-amiaz\u0103, \u00eentr-un copac din zona Arestului Central din Bucure\u015fti, dup\u0103 ce a escaladat un gard exterior din plas\u0103, aflat la baza crengilor arborelui respectiv. La fa\u0163a locului, au fost trimise echipe de negociatori care au \u00eencercat s\u0103 discute cu b\u0103rbatul, dar \u015fi poli\u0163i\u015fti, jandarmi \u015fi echipaje de prim-ajutor.Poli\u0163i\u015ftii au stabilit, \u00een urma verific\u0103rilor, c\u0103 b\u0103rbatul a escaladat un gard exterior din plas\u0103 bordurat\u0103, aflat la baza crengilor copacului respectiv, ceea ce i-a facilitat urcarea la \u00een\u0103l\u0163ime. B\u0103rbatul a r\u0103mas \u00een copac toat\u0103 noaptea, cer\u00e2nd eliberarea din arest a lui Bogdan Pe\u015fchir, cercetat \u00eentr-un dosar viz\u00e2nd coruperea aleg\u0103torului. La un moment dat, protestatarul a cerut ap\u0103, a cobor\u00e2t s\u0103 o ia, apoi s-a urcat \u00eenapoi \u00een copac, unde a r\u0103mas p\u00e2n\u0103 mar\u0163i, dup\u0103 ora 13.00.Stegarul Dac, care s-a f\u0103cut remarcat \u00een timpul manifesta\u0163iilor pro C\u0103lin Georgescu, a ajuns la spital, s\u00e2mb\u0103t\u0103 sear\u0103, dup\u0103 ce s-a urcat din nou pe o macara unde a petrecut mai multe ore, timp \u00een care a amenin\u0163at c\u0103 se arunc\u0103 \u00een gol dac\u0103 autorit\u0103\u0163ile vor \u00eencerca s\u0103 \u00eel coboare. Duminic\u0103, el a fost externat.<\/p>\n<p>\u00a0\u00a0<\/p>","protected":false},"excerpt":{"rendered":"<p>Cezar Avr\u0103mu\u021b\u0103, Stegarul Dac, un b\u0103rbat de 58 de ani a cobor\u00e2t \u00een sf\u00e2r\u015fit, dup\u0103&hellip;<\/p>\n","protected":false},"author":0,"featured_media":42418,"comment_status":"open","ping_status":"open","sticky":false,"template":"","format":"standard","meta":{"footnotes":""},"categories":[2],"tags":[],"class_list":["post-42417","post","type-post","status-publish","format-standard","has-post-thumbnail","hentry","category-actual"],"_links":{"self":[{"href":"https:\/\/247stiri.ro\/index.php\/wp-json\/wp\/v2\/posts\/42417","targetHints":{"allow":["GET"]}}],"collection":[{"href":"https:\/\/247stiri.ro\/index.php\/wp-json\/wp\/v2\/posts"}],"about":[{"href":"https:\/\/247stiri.ro\/index.php\/wp-json\/wp\/v2\/types\/post"}],"replies":[{"embeddable":true,"href":"https:\/\/247stiri.ro\/index.php\/wp-json\/wp\/v2\/comments?post=42417"}],"version-history":[{"count":0,"href":"https:\/\/247stiri.ro\/index.php\/wp-json\/wp\/v2\/posts\/42417\/revisions"}],"wp:featuredmedia":[{"embeddable":true,"href":"https:\/\/247stiri.ro\/index.php\/wp-json\/wp\/v2\/media\/42418"}],"wp:attachment":[{"href":"https:\/\/247stiri.ro\/index.php\/wp-json\/wp\/v2\/media?parent=42417"}],"wp:term":[{"taxonomy":"category","embeddable":true,"href":"https:\/\/247stiri.ro\/index.php\/wp-json\/wp\/v2\/categories?post=42417"},{"taxonomy":"post_tag","embeddable":true,"href":"https:\/\/247stiri.ro\/index.php\/wp-json\/wp\/v2\/tags?post=42417"}],"curies":[{"name":"wp","href":"https:\/\/api.w.org\/{rel}","templated":true}]}}