{"id":42420,"date":"2025-03-25T12:45:12","date_gmt":"2025-03-25T12:45:12","guid":{"rendered":"https:\/\/247stiri.ro\/index.php\/2025\/03\/25\/dosarul-2-mai-vlad-pascu-a-cerut-revocarea-arestului-preventiv-dupa-ce-a-fost-condamnat-la-zece-ani-de-inchisoare\/"},"modified":"2025-03-25T12:45:12","modified_gmt":"2025-03-25T12:45:12","slug":"dosarul-2-mai-vlad-pascu-a-cerut-revocarea-arestului-preventiv-dupa-ce-a-fost-condamnat-la-zece-ani-de-inchisoare","status":"publish","type":"post","link":"https:\/\/247stiri.ro\/index.php\/2025\/03\/25\/dosarul-2-mai-vlad-pascu-a-cerut-revocarea-arestului-preventiv-dupa-ce-a-fost-condamnat-la-zece-ani-de-inchisoare\/","title":{"rendered":"Dosarul 2 Mai. Vlad Pascu a cerut revocarea arestului preventiv, dup\u0103 ce a fost condamnat la zece ani de \u00eenchisoare"},"content":{"rendered":"<p>Avocatul s\u0103u a invocat faptul c\u0103 prelungirea arestului preventiv a fost f\u0103cut\u0103 de Judec\u0103toria Mangalia, la sf\u00e2r\u015fitul lunii ianuarie, \u00een deliberare, f\u0103r\u0103 s\u0103 ia concluziile ap\u0103r\u0103rii \u015fi ultimul cuv\u00e2nt al lui Vlad Pascu, iar acest lucru ar contravine prevederilor legale. Magistra\u0163ii de la Curtea de Apel Constan\u0163a au am\u00e2nat pronun\u0163area pentru 27 martie.<\/p>\n<p>La Curtea de Apel Constan\u0163a a fost pus\u0103 \u00een discu\u0163ie, mar\u0163i, verificarea m\u0103surii preventive \u00een cazul lui Vlad Pascu. Ap\u0103r\u0103torul s\u0103u, avocatul Alin Trandafirescu, a declarat jurnali\u015ftilor, la ie\u015firea din Curtea de Apel Constan\u0163a, c\u0103 ar trebui revocat\u0103 m\u0103sura arestului preventiv pentru clientul s\u0103u.<\/p>\n<p>\u201dAvem o dispozi\u0163ie \u00een Codul de Procedur\u0103 Penal\u0103, articolul 399, alineatul 1 care oblig\u0103 instan\u0163a s\u0103 se pronun\u0163e cu privire la m\u0103surile preventive prin hot\u0103r\u00e2re, prin sentin\u0163\u0103. Instan\u0163a a f\u0103cut acest lucru \u00een deliberare, arbitrar cumva f\u0103r\u0103 s\u0103 ia concluziile ap\u0103r\u0103rii \u015fi ultimul cuv\u00e2nt al inculpatului pe m\u0103sura preventiv\u0103. Asta este primul aspect pe care l-am invocat, pe calea excep\u0163iei. Cumva remediul pentru aceast\u0103 situa\u0163ie \u00een cazul \u00een care se constat\u0103 nulitatea \u00eencheierii \u015fi a dispozi\u0163iilor din sentin\u0163\u0103, apreciez eu c\u0103 ne afl\u0103m \u00een prezen\u0163a revoc\u0103rii m\u0103surii sau \u00eencet\u0103rii de drept a acesteia\u201d, a afirmat Alin Trandafirescu.<\/p>\n<p>El a men\u0163ionat c\u0103 nu a mai fost f\u0103cut\u0103 verificarea m\u0103surii preventive din 30 decembrie 2024.<\/p>\n<p>\u201dSolu\u0163ia ar fi s\u0103 nu se dispun\u0103 o alt\u0103 m\u0103sur\u0103. Din momentul 30 decembrie 2024 c\u00e2nd a fost respins\u0103 contesta\u0163ia la Tribunalul Constan\u0163a, teoretic, verificarea m\u0103surii nu s-a mai f\u0103cut. Ea a fost transpus\u0103 \u00een \u00eencheierea \u015fi \u00een sentin\u0163\u0103, \u00eens\u0103 doar formal, f\u0103r\u0103 a discuta pe fond aceast\u0103 m\u0103sur\u0103\u201d, a explicat ap\u0103r\u0103torul lui Vlad Pascu.<\/p>\n<p>Curtea de Apel Constan\u0163a a decis s\u0103 am\u00e2ne pronun\u0163area pentru 27 martie.<\/p>","protected":false},"excerpt":{"rendered":"<p>Avocatul s\u0103u a invocat faptul c\u0103 prelungirea arestului preventiv a fost f\u0103cut\u0103 de Judec\u0103toria Mangalia,&hellip;<\/p>\n","protected":false},"author":0,"featured_media":42421,"comment_status":"open","ping_status":"open","sticky":false,"template":"","format":"standard","meta":{"footnotes":""},"categories":[2],"tags":[],"class_list":["post-42420","post","type-post","status-publish","format-standard","has-post-thumbnail","hentry","category-actual"],"_links":{"self":[{"href":"https:\/\/247stiri.ro\/index.php\/wp-json\/wp\/v2\/posts\/42420","targetHints":{"allow":["GET"]}}],"collection":[{"href":"https:\/\/247stiri.ro\/index.php\/wp-json\/wp\/v2\/posts"}],"about":[{"href":"https:\/\/247stiri.ro\/index.php\/wp-json\/wp\/v2\/types\/post"}],"replies":[{"embeddable":true,"href":"https:\/\/247stiri.ro\/index.php\/wp-json\/wp\/v2\/comments?post=42420"}],"version-history":[{"count":0,"href":"https:\/\/247stiri.ro\/index.php\/wp-json\/wp\/v2\/posts\/42420\/revisions"}],"wp:featuredmedia":[{"embeddable":true,"href":"https:\/\/247stiri.ro\/index.php\/wp-json\/wp\/v2\/media\/42421"}],"wp:attachment":[{"href":"https:\/\/247stiri.ro\/index.php\/wp-json\/wp\/v2\/media?parent=42420"}],"wp:term":[{"taxonomy":"category","embeddable":true,"href":"https:\/\/247stiri.ro\/index.php\/wp-json\/wp\/v2\/categories?post=42420"},{"taxonomy":"post_tag","embeddable":true,"href":"https:\/\/247stiri.ro\/index.php\/wp-json\/wp\/v2\/tags?post=42420"}],"curies":[{"name":"wp","href":"https:\/\/api.w.org\/{rel}","templated":true}]}}