{"id":42422,"date":"2025-03-25T12:45:13","date_gmt":"2025-03-25T12:45:13","guid":{"rendered":"https:\/\/247stiri.ro\/index.php\/2025\/03\/25\/baluta-nicusor-dan-blocheaza-intentionat-si-cu-rea-credinta-proiectul-planseului-unirii\/"},"modified":"2025-03-25T12:45:13","modified_gmt":"2025-03-25T12:45:13","slug":"baluta-nicusor-dan-blocheaza-intentionat-si-cu-rea-credinta-proiectul-planseului-unirii","status":"publish","type":"post","link":"https:\/\/247stiri.ro\/index.php\/2025\/03\/25\/baluta-nicusor-dan-blocheaza-intentionat-si-cu-rea-credinta-proiectul-planseului-unirii\/","title":{"rendered":"B\u0103lu\u021b\u0103: \u201eNicu\u0219or Dan blocheaz\u0103 inten\u021bionat \u0219i cu rea-credin\u021b\u0103  proiectul Plan\u0219eului Unirii\u201d"},"content":{"rendered":"<p>Documentul, avizat favorabil de c\u0103tre membrii Comisiei, dar nesemnat nici p\u00e2n\u0103 acum, de c\u0103tre Primarul General, cel care blocheaz\u0103 astfel, inten\u021bionat \u0219i cu rea-credin\u021b\u0103 lucr\u0103rile de la Plan\u0219eul Unirii, a fost prezentat ast\u0103zi, \u00een cadrul unei conferin\u021be de pres\u0103, de c\u0103tre primarul Sectorului 4, Daniel B\u0103lu\u021b\u0103.<\/p>\n\n<p>Conform edilului, Comisia Tehnic\u0103 de Circula\u021bie, format\u0103 din speciali\u0219ti ai tuturor institu\u021biilor cu atribu\u021bii \u00een avizarea lucr\u0103rilor de infrastructur\u0103, \u201eeste de acord s\u0103 derul\u0103m lucr\u0103rile dup\u0103 planul propus de Sectorul 4, cu men\u021binerea circula\u021biei \u00een zon\u0103. Aceea\u0219i Comisie ne d\u0103 avizul favorabil, aviz, care trebuie semnat, ca o formalitate, de c\u0103tre Primarul General. Acela\u0219i primar, care ne spunea c\u0103 a\u0219teapt\u0103 opinia speciali\u0219tilor. O are de anul trecut \u0219i tot nu semneaz\u0103 avizul. De ce? Pentru c\u0103 ne spune c\u0103 se preg\u0103te\u0219te. Ne spune c\u0103 mai trebuie s\u0103 consulte documente. Ne mai spune c\u0103 trebuie s\u0103 treac\u0103 bugetul.\u00a0 O mul\u021bime de motive inventate, doar pentru a bloca lucr\u0103rile, cu INTEN\u021aIE \u0219i cu REA-CREDIN\u021a\u0102\u201d, a afirmat Daniel B\u0103lu\u021b\u0103 \u00een timpul conferin\u021bei de pres\u0103.<\/p>\n\n<p>\u00cen aceste condi\u021bii, \u00een care este dincolo de orice \u00eendoial\u0103 faptul c\u0103 Plan\u0219eul Unirii se degradeaz\u0103 cu fiecare zi ce trece, ba chiar, conform exper\u021bilor, daunele produse \u00een timp construc\u021biei de beton se v\u0103d chiar \u0219i din satelit, primarul Daniel B\u0103lu\u021b\u0103 a f\u0103cut un nou apel la respectarea legii \u0219i a cerut sprijinul institu\u021biilor statului pentru punerea \u00een siguran\u021b\u0103, c\u00e2t mai repede cu putin\u021b\u0103, a centrului Bucure\u0219tiului.<\/p>\n<p>\u201eDe c\u00e2teva luni, \u201eblocatorul\u201d general al Capitalei noastre sfideaz\u0103 legea, sfideaz\u0103 bucure\u0219tenii \u0219i expune ora\u0219ul unui risc care cre\u0219te cu fiecare zi de \u00eent\u00e2rziere. \u00cen timp ce se plimb\u0103 prin \u021bar\u0103 vorbind despre \u201eRom\u00e2nia Onest\u0103\u201d, cel care se viseaz\u0103 deja Pre\u0219edintele Rom\u00e2niei nu e interesat de nevoile oamenilor care tr\u0103iesc aici \u0219i pe care i-a abandonat! Pentru c\u0103 acestuia \u00eei pas\u0103 doar de propriile ambi\u021bii politice \u0219i de planurile personale, ne-am adresat instan\u021bei cu o cerere de chemare \u00een judecat\u0103 a Primarului General av\u00e2nd ca obiect \u201eobliga\u021bia de a face\u201d. Primul termen de judecat\u0103 este pe 27 mai \u0219i sper\u0103m ca m\u0103car justi\u021bia s\u0103-l responsabilizeze pe domnul Dan. \u00cen acela\u0219i timp, am \u00eenceput procedura pentru a formula o pl\u00e2ngere penal\u0103 \u00a0pe numele Primarului General, pentru abuz \u00een serviciu prin v\u0103t\u0103marea interesului public, fals \u00een \u00eenscrisuri oficiale \u0219i complicitate la fals, instigare \u0219i complicitate la s\u0103v\u00e2r\u0219irea infrac\u021biunii de distrugere\u201d, a mai declarat primarul Sectorului 4.<\/p>\n<p>\u00a0\u00a0\u00a0\u00a0\u00a0\u00a0\u00a0\u00a0\u00a0\u00a0\u00a0 Reamintim faptul c\u0103 a trecut mai bine de un an de la momentul semn\u0103rii contractului de execu\u021bie a lucr\u0103rilor de refacere din temelii a Plan\u0219eului Unirii precum \u0219i de la momentul \u00een care a fost asigurat\u0103, de c\u0103tre Guvernul Rom\u00e2niei, prin Ordonan\u021b\u0103 de Urgen\u021b\u0103, finan\u021barea necesar\u0103 acestui proiect, \u00een sum\u0103 de aproape 800 de milioane de lei.<\/p>\n<p>\u00cen acest timp, placa uria\u0219\u0103 de beton ce acoper\u0103 r\u00e2ul D\u00e2mbovi\u021ba \u00een Pia\u021ba Unirii se degradeaz\u0103 \u00een continuare, a\u0219a cum ar\u0103tau expertizele tehnice actualizate \u00een septembrie anul trecut. La acel moment, speciali\u0219tii ar\u0103tau faptul c\u0103 anumite zone ale plan\u0219eului pot fi un \u201epericol public\u201d pentru circula\u021bia rutier\u0103 \u0219i cea pietonal\u0103 \u0219i c\u0103, \u00een lipsa unor lucr\u0103ri de interven\u021bie executate \u00een regim de urgen\u021b\u0103, anumite zone ale construc\u021biei ar putea ceda, antren\u00e2nd consecin\u021be greu de imaginat.<\/p>\n<p>Chiar \u0219i \u00een aceste condi\u021bii, \u00een care starea tehnic\u0103 precar\u0103 a Plan\u0219eului Unirii nu poate fi pus\u0103 la \u00eendoial\u0103, Primarul General refuz\u0103 \u00een continuare s\u0103-\u0219i \u00eendeplineasc\u0103 atribu\u021biile \u0219i s\u0103 permit\u0103 derularea lucr\u0103rilor!<\/p>\n<p>Mai mult, edilul Capitalei nu se opre\u0219te aici \u0219i solicit\u0103 Sectorului 4, revocarea autoriza\u021biei de construire pentru pasajul Ap\u0103r\u0103torii Patriei, emis\u0103 \u00een urm\u0103 cu mai bine de doi ani, \u0219i pentru a c\u0103rui realizare, \u00eensu\u0219i Primarul General a semnat exproprierile necesare demar\u0103rii proiectului, aflat \u00een plin\u0103 desf\u0103\u0219urare.<\/p>","protected":false},"excerpt":{"rendered":"<p>Documentul, avizat favorabil de c\u0103tre membrii Comisiei, dar nesemnat nici p\u00e2n\u0103 acum, de c\u0103tre Primarul&hellip;<\/p>\n","protected":false},"author":0,"featured_media":42413,"comment_status":"open","ping_status":"open","sticky":false,"template":"","format":"standard","meta":{"footnotes":""},"categories":[2],"tags":[],"class_list":["post-42422","post","type-post","status-publish","format-standard","has-post-thumbnail","hentry","category-actual"],"_links":{"self":[{"href":"https:\/\/247stiri.ro\/index.php\/wp-json\/wp\/v2\/posts\/42422","targetHints":{"allow":["GET"]}}],"collection":[{"href":"https:\/\/247stiri.ro\/index.php\/wp-json\/wp\/v2\/posts"}],"about":[{"href":"https:\/\/247stiri.ro\/index.php\/wp-json\/wp\/v2\/types\/post"}],"replies":[{"embeddable":true,"href":"https:\/\/247stiri.ro\/index.php\/wp-json\/wp\/v2\/comments?post=42422"}],"version-history":[{"count":0,"href":"https:\/\/247stiri.ro\/index.php\/wp-json\/wp\/v2\/posts\/42422\/revisions"}],"wp:featuredmedia":[{"embeddable":true,"href":"https:\/\/247stiri.ro\/index.php\/wp-json\/wp\/v2\/media\/42413"}],"wp:attachment":[{"href":"https:\/\/247stiri.ro\/index.php\/wp-json\/wp\/v2\/media?parent=42422"}],"wp:term":[{"taxonomy":"category","embeddable":true,"href":"https:\/\/247stiri.ro\/index.php\/wp-json\/wp\/v2\/categories?post=42422"},{"taxonomy":"post_tag","embeddable":true,"href":"https:\/\/247stiri.ro\/index.php\/wp-json\/wp\/v2\/tags?post=42422"}],"curies":[{"name":"wp","href":"https:\/\/api.w.org\/{rel}","templated":true}]}}