{"id":42424,"date":"2025-03-25T12:45:13","date_gmt":"2025-03-25T12:45:13","guid":{"rendered":"https:\/\/247stiri.ro\/index.php\/2025\/03\/25\/romania-pe-primul-loc-in-europa-la-numarul-accidentelor-rutiere-care-sunt-cauzele\/"},"modified":"2025-03-25T12:45:13","modified_gmt":"2025-03-25T12:45:13","slug":"romania-pe-primul-loc-in-europa-la-numarul-accidentelor-rutiere-care-sunt-cauzele","status":"publish","type":"post","link":"https:\/\/247stiri.ro\/index.php\/2025\/03\/25\/romania-pe-primul-loc-in-europa-la-numarul-accidentelor-rutiere-care-sunt-cauzele\/","title":{"rendered":"Rom\u00e2nia, pe primul loc \u00een Europa la num\u0103rul accidentelor rutiere. Care sunt cauzele"},"content":{"rendered":"<p>Radu Spirea, directorul general al Vesta Investment, a atras aten\u021bia asupra unei realit\u0103\u021bi \u00eengrijor\u0103toare: &#8222;Acum c\u00e2teva luni, spuneam c\u0103 Rom\u00e2nia nu mai este pe primul loc \u00een statisticile europene la num\u0103rul de accidente rutiere. Egalasem Bulgaria, cu o medie de 81 de mor\u021bi la un milion de locuitori. Din p\u0103cate, acum suntem din nou pe primul loc. Am redus num\u0103rul de decese la 77, dar Bulgaria a cobor\u00e2t la 74, a\u0219a c\u0103 ne-am \u00eentors pe primul loc.&#8221;.<\/p>\n<p class=\"questo-paywall\">De\u0219i se construiesc autostr\u0103zi, se reabiliteaz\u0103 drumuri \u0219i se accelereaz\u0103 implementarea unor sisteme de siguran\u021b\u0103, problemele persist\u0103.<\/p>\n<p class=\"questo-paywall\">&#8222;Se construiesc autostr\u0103zi, se reabiliteaz\u0103 drumuri, se accelereaz\u0103 implementarea unor sisteme de siguran\u021b\u0103, dar continu\u0103m s\u0103 fim primii. \u00cen statisticile Poli\u021biei Rutiere, de vin\u0103 sunt pietonii, bicicli\u0219tii, dar eu sunt convins c\u0103 una dintre cauze este \u0219i starea semnaliz\u0103rii rutiere,&#8221; a concluzionat Radu Spirea.<\/p>\n<p class=\"questo-paywall\">Pe l\u00e2ng\u0103 problemele legate de siguran\u021ba rutier\u0103, dificult\u0103\u021bile \u00een execu\u021bia lucr\u0103rilor de infrastructur\u0103 au fost un alt subiect important al conferin\u021bei.<\/p>\n<p class=\"questo-paywall\">Radu Spirea a explicat c\u0103 unele \u00eent\u00e2rzieri \u00een proiectele de infrastructur\u0103 au fost cauzate de schimb\u0103rile survenite \u00een parteneriatele dintre constructori:<\/p>\n<p class=\"questo-paywall\">&#8222;\u0218ti\u021bi c\u0103 una dintre cauze este \u0219i faptul c\u0103 ini\u021bial au venit doi constructori, o asociere cu propor\u021bii relativ egale ale resurselor, 51% cu 49%, iar unul dintre ei s-a retras aproape complet. L\u0103s\u00e2nd un singur constructor, o singur\u0103 categorie de resurse, este posibil s\u0103 fi contribuit la \u00eent\u00e2rzierea lotului. \u00cen mod normal, o astfel de retragere masiv\u0103 nu ar trebui acceptat\u0103.&#8221;<\/p>\n<p>\u00a0<\/p>","protected":false},"excerpt":{"rendered":"<p>Radu Spirea, directorul general al Vesta Investment, a atras aten\u021bia asupra unei realit\u0103\u021bi \u00eengrijor\u0103toare: &#8222;Acum&hellip;<\/p>\n","protected":false},"author":0,"featured_media":42425,"comment_status":"open","ping_status":"open","sticky":false,"template":"","format":"standard","meta":{"footnotes":""},"categories":[2],"tags":[],"class_list":["post-42424","post","type-post","status-publish","format-standard","has-post-thumbnail","hentry","category-actual"],"_links":{"self":[{"href":"https:\/\/247stiri.ro\/index.php\/wp-json\/wp\/v2\/posts\/42424","targetHints":{"allow":["GET"]}}],"collection":[{"href":"https:\/\/247stiri.ro\/index.php\/wp-json\/wp\/v2\/posts"}],"about":[{"href":"https:\/\/247stiri.ro\/index.php\/wp-json\/wp\/v2\/types\/post"}],"replies":[{"embeddable":true,"href":"https:\/\/247stiri.ro\/index.php\/wp-json\/wp\/v2\/comments?post=42424"}],"version-history":[{"count":0,"href":"https:\/\/247stiri.ro\/index.php\/wp-json\/wp\/v2\/posts\/42424\/revisions"}],"wp:featuredmedia":[{"embeddable":true,"href":"https:\/\/247stiri.ro\/index.php\/wp-json\/wp\/v2\/media\/42425"}],"wp:attachment":[{"href":"https:\/\/247stiri.ro\/index.php\/wp-json\/wp\/v2\/media?parent=42424"}],"wp:term":[{"taxonomy":"category","embeddable":true,"href":"https:\/\/247stiri.ro\/index.php\/wp-json\/wp\/v2\/categories?post=42424"},{"taxonomy":"post_tag","embeddable":true,"href":"https:\/\/247stiri.ro\/index.php\/wp-json\/wp\/v2\/tags?post=42424"}],"curies":[{"name":"wp","href":"https:\/\/api.w.org\/{rel}","templated":true}]}}