{"id":42436,"date":"2025-03-25T13:46:09","date_gmt":"2025-03-25T13:46:09","guid":{"rendered":"https:\/\/247stiri.ro\/index.php\/2025\/03\/25\/medicul-papei-francisc-dezvaluiri-cutremuratoare-cat-de-aproape-de-moarte-a-fost-de-fapt-suveranul-pontif\/"},"modified":"2025-03-25T13:46:09","modified_gmt":"2025-03-25T13:46:09","slug":"medicul-papei-francisc-dezvaluiri-cutremuratoare-cat-de-aproape-de-moarte-a-fost-de-fapt-suveranul-pontif","status":"publish","type":"post","link":"https:\/\/247stiri.ro\/index.php\/2025\/03\/25\/medicul-papei-francisc-dezvaluiri-cutremuratoare-cat-de-aproape-de-moarte-a-fost-de-fapt-suveranul-pontif\/","title":{"rendered":"Medicul Papei Francisc, dezv\u0103luiri cutremur\u0103toare: c\u00e2t de aproape de moarte a fost, de fapt, Suveranul Pontif"},"content":{"rendered":"<p>Dup\u0103 o criz\u0103 respiratorie suferit\u0103 pe 28 februarie, \u00een care Papa Francisc aproape s-a \u00eenecat cu propriile v\u0103rs\u0103turi, \u201ea existat un risc real ca el s\u0103 nu supravie\u021buiasc\u0103\u201d, a spus Sergio Alfieri, medic la spitalul Gemelli din Roma.<\/p>\n<p>\u201eA trebuit s\u0103 alegem dac\u0103 ne oprim acolo \u0219i \u00eel l\u0103s\u0103m s\u0103 plece dintre noi sau dac\u0103 mergem mai departe \u0219i for\u021b\u0103m lucrurile cu toate medicamentele \u0219i terapiile posibile, asum\u00e2nd cel mai mare risc de a-i afecta \u0219i alte organe\u201d, a declarat Alfieri pentru publica\u021bia italian\u0103 Corriere della Sera, relateaz\u0103 Reuters.\u00a0<\/p>\n<p>Francisc, ales pap\u0103 \u00een 2013, a fost tratat la spitalul Gemelli timp de 38 de zile, \u00een cea mai grav\u0103 criz\u0103 de s\u0103n\u0103tate a celor 12 ani ai s\u0103i de pontificat.<\/p>\n<p>El a fost internat pe 14 februarie din cauza unei bron\u0219ite care s-a transformat \u00een pneumonie dubl\u0103, o afec\u021biune deosebit de grav\u0103 pentru Francisc, av\u00e2nd \u00een vedere c\u0103 \u00een tinere\u021be a suferit de pleurezie \u0219i i-a fost \u00eendep\u0103rtat\u0103 o parte dintr-un pl\u0103m\u00e2n.<\/p>\n<p>Suveranul pontif a fost externat duminica aceasta \u0219i \u0219i-a f\u0103cut \u00een aceea\u0219i zi prima apari\u021bie \u00een public de la internare.<\/p>","protected":false},"excerpt":{"rendered":"<p>Dup\u0103 o criz\u0103 respiratorie suferit\u0103 pe 28 februarie, \u00een care Papa Francisc aproape s-a \u00eenecat&hellip;<\/p>\n","protected":false},"author":0,"featured_media":42437,"comment_status":"open","ping_status":"open","sticky":false,"template":"","format":"standard","meta":{"footnotes":""},"categories":[4],"tags":[],"class_list":["post-42436","post","type-post","status-publish","format-standard","has-post-thumbnail","hentry","category-extern"],"_links":{"self":[{"href":"https:\/\/247stiri.ro\/index.php\/wp-json\/wp\/v2\/posts\/42436","targetHints":{"allow":["GET"]}}],"collection":[{"href":"https:\/\/247stiri.ro\/index.php\/wp-json\/wp\/v2\/posts"}],"about":[{"href":"https:\/\/247stiri.ro\/index.php\/wp-json\/wp\/v2\/types\/post"}],"replies":[{"embeddable":true,"href":"https:\/\/247stiri.ro\/index.php\/wp-json\/wp\/v2\/comments?post=42436"}],"version-history":[{"count":0,"href":"https:\/\/247stiri.ro\/index.php\/wp-json\/wp\/v2\/posts\/42436\/revisions"}],"wp:featuredmedia":[{"embeddable":true,"href":"https:\/\/247stiri.ro\/index.php\/wp-json\/wp\/v2\/media\/42437"}],"wp:attachment":[{"href":"https:\/\/247stiri.ro\/index.php\/wp-json\/wp\/v2\/media?parent=42436"}],"wp:term":[{"taxonomy":"category","embeddable":true,"href":"https:\/\/247stiri.ro\/index.php\/wp-json\/wp\/v2\/categories?post=42436"},{"taxonomy":"post_tag","embeddable":true,"href":"https:\/\/247stiri.ro\/index.php\/wp-json\/wp\/v2\/tags?post=42436"}],"curies":[{"name":"wp","href":"https:\/\/api.w.org\/{rel}","templated":true}]}}