{"id":42440,"date":"2025-03-25T13:46:11","date_gmt":"2025-03-25T13:46:11","guid":{"rendered":"https:\/\/247stiri.ro\/index.php\/2025\/03\/25\/nicusor-dan-face-lumina-in-problema-iohannis-am-dat-si-raspunsuri-neinspirate-video\/"},"modified":"2025-03-25T13:46:11","modified_gmt":"2025-03-25T13:46:11","slug":"nicusor-dan-face-lumina-in-problema-iohannis-am-dat-si-raspunsuri-neinspirate-video","status":"publish","type":"post","link":"https:\/\/247stiri.ro\/index.php\/2025\/03\/25\/nicusor-dan-face-lumina-in-problema-iohannis-am-dat-si-raspunsuri-neinspirate-video\/","title":{"rendered":"Nicu\u0219or Dan face lumin\u0103 \u00een problema Iohannis: \u201eAm dat \u0219i r\u0103spunsuri neinspirate\u201d VIDEO"},"content":{"rendered":"<p>Nicu\u0219or Dan, primarul general al Capitalei \u0219i candidat independent la alegerile preziden\u021biale, a revenit cu preciz\u0103ri mar\u021bi dup\u0103 ce, cu o zi \u00eenainte, r\u0103spunz\u00e2nd unei \u00eentreb\u0103ri puse de C\u0103t\u0103lin M\u0103ru\u021b\u0103, a spus c\u0103 dintre to\u021bi fo\u0219tii pre\u0219edin\u021bi ai Rom\u00e2niei l-ar alege consilier preziden\u021bial pe Klaus Iohannis.<\/p>\n<p><a href=\"https:\/\/www.realitatea.net\/stiri\/actual\/ce-a-vrut-sa-semnalizeze-nicusor-dan-cand-a-declarat-ca-lar-alege-pe-klaus-iohannis-premier-anca-alexandrescu-descifreaza-mesajul-din-spatele-declaratiei_67e18bae90eb7b2d63523d57\" target=\"_blank\">Declara\u021bia lui Nicu\u0219or Dan despre Iohannis \u0219i postul de consilier<\/a><\/p>\n<p>Nicu\u0219or Dan a fost \u00eentrebat de C\u0103t\u0103lin M\u0103ru\u021b\u0103 pe cine ar alege consilier la Cotroceni dintre fo\u0219tii pre\u0219edin\u021bi ai Rom\u00e2niei, \u00een cazul \u00een care ar c\u00e2\u0219tiga alegerile din luna mai.<\/p>\n<p>\u201eCred c\u0103 de la fiecare dintre ei, generic, de la fiecare dintre ei e ceva de \u00eenv\u0103\u021bat. R\u0103spunsul este Klaus Iohannis\u201d, a r\u0103spuns Nicu\u0219or Dan.<\/p>\n<p>El a argumentat apoi: \u201eDeci, Klaus Iohannis, \u00een ipoteza pe care mi-o spune\u021bi dumneavoastr\u0103. Pentru c\u0103 are proaspete toate leg\u0103turile cu to\u021bii partenerii no\u0219tri, aceasta ar fi explica\u021bia, da\u201d<\/p>\n<p>Nicu\u0219or Dan: Nu l-a\u0219 lua pe fostul pre\u0219edinte Iohannis la Cotroceni<\/p>\n<p>Dan a revenit cu preciz\u0103ri mar\u021bi, pe Facebook, dup\u0103 ce\u00a0<a href=\"https:\/\/www.realitatea.net\/stiri\/actual\/ce-a-vrut-sa-semnalizeze-nicusor-dan-cand-a-declarat-ca-lar-alege-pe-klaus-iohannis-premier-anca-alexandrescu-descifreaza-mesajul-din-spatele-declaratiei_67e18bae90eb7b2d63523d57\" target=\"_blank\">a fost criticat<\/a>\u00a0pentru aceste afirma\u021bii, spun\u00e2nd c\u0103 \u201ede la prea mult sos picant, am dat \u0219i r\u0103spunsuri neinspirate. Bine\u00een\u021beles c\u0103 nu l-a\u0219 lua pe fostul pre\u0219edinte Iohannis la Cotroceni\u201d.<\/p>\n\n<p>El a mai afirmat c\u0103 un astfel de scenariu oricum n-are cum s\u0103 devin\u0103 realitate, iar el a r\u0103spuns \u00een glum\u0103, \u00een spiritul emisiunii, \u201ea\u0219a cum am r\u0103spuns \u0219i la \u00eentreb\u0103rile despre ceilal\u021bi contracandida\u021bi \u2013 pe cine a\u0219 lua cu mine pe o insul\u0103 pustie\u201d.<\/p>\n<p>\u201eDl Iohannis e responsabil pentru situa\u021bia \u00een care ne afl\u0103m, lucru pe care l-am spus de mai multe ori. A sus\u021binut o coali\u021bie care, \u00een loc s\u0103 vin\u0103 cu reforme \u0219i modernizare, a cultivat stagnarea, populismul \u0219i izola\u021bionismul.<\/p>\n<p>Rom\u00e2nia are nevoie de o schimbare real\u0103, de o direc\u021bie clar\u0103 \u0219i de un leadership responsabil. Asta e miza \u0219i acolo trebuie s\u0103 ne concentr\u0103m\u201d, a mai sus\u021binut Nicu\u0219or Dan.<\/p>","protected":false},"excerpt":{"rendered":"<p>Nicu\u0219or Dan, primarul general al Capitalei \u0219i candidat independent la alegerile preziden\u021biale, a revenit cu&hellip;<\/p>\n","protected":false},"author":0,"featured_media":42439,"comment_status":"open","ping_status":"open","sticky":false,"template":"","format":"standard","meta":{"footnotes":""},"categories":[2],"tags":[],"class_list":["post-42440","post","type-post","status-publish","format-standard","has-post-thumbnail","hentry","category-actual"],"_links":{"self":[{"href":"https:\/\/247stiri.ro\/index.php\/wp-json\/wp\/v2\/posts\/42440","targetHints":{"allow":["GET"]}}],"collection":[{"href":"https:\/\/247stiri.ro\/index.php\/wp-json\/wp\/v2\/posts"}],"about":[{"href":"https:\/\/247stiri.ro\/index.php\/wp-json\/wp\/v2\/types\/post"}],"replies":[{"embeddable":true,"href":"https:\/\/247stiri.ro\/index.php\/wp-json\/wp\/v2\/comments?post=42440"}],"version-history":[{"count":0,"href":"https:\/\/247stiri.ro\/index.php\/wp-json\/wp\/v2\/posts\/42440\/revisions"}],"wp:featuredmedia":[{"embeddable":true,"href":"https:\/\/247stiri.ro\/index.php\/wp-json\/wp\/v2\/media\/42439"}],"wp:attachment":[{"href":"https:\/\/247stiri.ro\/index.php\/wp-json\/wp\/v2\/media?parent=42440"}],"wp:term":[{"taxonomy":"category","embeddable":true,"href":"https:\/\/247stiri.ro\/index.php\/wp-json\/wp\/v2\/categories?post=42440"},{"taxonomy":"post_tag","embeddable":true,"href":"https:\/\/247stiri.ro\/index.php\/wp-json\/wp\/v2\/tags?post=42440"}],"curies":[{"name":"wp","href":"https:\/\/api.w.org\/{rel}","templated":true}]}}