{"id":42441,"date":"2025-03-25T13:46:11","date_gmt":"2025-03-25T13:46:11","guid":{"rendered":"https:\/\/247stiri.ro\/index.php\/2025\/03\/25\/aleksandr-lukasenko-a-depus-marti-juramantul-fiind-investit-pentru-cel-de-al-saptelea-mandat-de-presedinte-al-belarusului\/"},"modified":"2025-03-25T13:46:11","modified_gmt":"2025-03-25T13:46:11","slug":"aleksandr-lukasenko-a-depus-marti-juramantul-fiind-investit-pentru-cel-de-al-saptelea-mandat-de-presedinte-al-belarusului","status":"publish","type":"post","link":"https:\/\/247stiri.ro\/index.php\/2025\/03\/25\/aleksandr-lukasenko-a-depus-marti-juramantul-fiind-investit-pentru-cel-de-al-saptelea-mandat-de-presedinte-al-belarusului\/","title":{"rendered":"Aleksandr Luka\u015fenko a depus mar\u0163i jur\u0103m\u00e2ntul, fiind \u00eenvestit pentru cel de-al \u015faptelea mandat de pre\u0219edinte al Belarusului"},"content":{"rendered":"<p>&#8222;Pre\u015fedintele vostru nu v-a abandonat niciodat\u0103 \u015fi nici nu v\u0103 va abandona, nu v\u0103 va tr\u0103da \u015fi nici nu va fugi. Sunte\u0163i toat\u0103 via\u0163a mea&#8221;, a spus el \u00een timpul ceremoniei de \u00eenvestire, desf\u0103\u015furat\u0103 la Palatul Independen\u0163ei din Minsk, \u00een timp ce depunea jur\u0103m\u00e2ntul cu m\u00e2na pe Constitu\u0163ia \u0163\u0103rii pe care o guverneaz\u0103 din 1994 \u015fi o va face p\u00e2n\u0103 \u00een 2030.<\/p>\n<p>\u00cen ceea ce prive\u015fte realegerea sa, Luka\u015fenko a spus c\u0103 &#8222;aceast\u0103 victorie nu este doar a mea, a pre\u015fedintelui, ci \u015fi a milioanelor de belaru\u015fi&#8221;.<\/p>\n<p>&#8222;Pe 26 ianuarie am trecut printr-o alt\u0103 r\u0103scruce istoric\u0103, am f\u0103cut-o cu siguran\u0163\u0103 \u015fi \u00een\u0163elepciune, f\u0103r\u0103 s\u0103 ne abatem de la drumul pe care am fost timp de o treime de secol&#8221;, a spus pre\u015fedintele.<\/p>\n<p>&#8222;Avem totul \u00een ordine \u00een ceea ce prive\u015fte libertatea presei, iar democra\u0163ie avem mai mult dec\u00e2t cei care se proclam\u0103 ap\u0103r\u0103torii ei&#8221;, a declarat pre\u015fedintele Belarusului.<\/p>","protected":false},"excerpt":{"rendered":"<p>&#8222;Pre\u015fedintele vostru nu v-a abandonat niciodat\u0103 \u015fi nici nu v\u0103 va abandona, nu v\u0103 va&hellip;<\/p>\n","protected":false},"author":0,"featured_media":42435,"comment_status":"open","ping_status":"open","sticky":false,"template":"","format":"standard","meta":{"footnotes":""},"categories":[2],"tags":[],"class_list":["post-42441","post","type-post","status-publish","format-standard","has-post-thumbnail","hentry","category-actual"],"_links":{"self":[{"href":"https:\/\/247stiri.ro\/index.php\/wp-json\/wp\/v2\/posts\/42441","targetHints":{"allow":["GET"]}}],"collection":[{"href":"https:\/\/247stiri.ro\/index.php\/wp-json\/wp\/v2\/posts"}],"about":[{"href":"https:\/\/247stiri.ro\/index.php\/wp-json\/wp\/v2\/types\/post"}],"replies":[{"embeddable":true,"href":"https:\/\/247stiri.ro\/index.php\/wp-json\/wp\/v2\/comments?post=42441"}],"version-history":[{"count":0,"href":"https:\/\/247stiri.ro\/index.php\/wp-json\/wp\/v2\/posts\/42441\/revisions"}],"wp:featuredmedia":[{"embeddable":true,"href":"https:\/\/247stiri.ro\/index.php\/wp-json\/wp\/v2\/media\/42435"}],"wp:attachment":[{"href":"https:\/\/247stiri.ro\/index.php\/wp-json\/wp\/v2\/media?parent=42441"}],"wp:term":[{"taxonomy":"category","embeddable":true,"href":"https:\/\/247stiri.ro\/index.php\/wp-json\/wp\/v2\/categories?post=42441"},{"taxonomy":"post_tag","embeddable":true,"href":"https:\/\/247stiri.ro\/index.php\/wp-json\/wp\/v2\/tags?post=42441"}],"curies":[{"name":"wp","href":"https:\/\/api.w.org\/{rel}","templated":true}]}}