{"id":42462,"date":"2025-03-25T14:45:24","date_gmt":"2025-03-25T14:45:24","guid":{"rendered":"https:\/\/247stiri.ro\/index.php\/2025\/03\/25\/alexandra-pacuraru-dezvaluiri-bomba-in-exclusivitate-pentru-realitatea-plus-despre-fugarul-ghita-si-oierul-becali\/"},"modified":"2025-03-25T14:45:24","modified_gmt":"2025-03-25T14:45:24","slug":"alexandra-pacuraru-dezvaluiri-bomba-in-exclusivitate-pentru-realitatea-plus-despre-fugarul-ghita-si-oierul-becali","status":"publish","type":"post","link":"https:\/\/247stiri.ro\/index.php\/2025\/03\/25\/alexandra-pacuraru-dezvaluiri-bomba-in-exclusivitate-pentru-realitatea-plus-despre-fugarul-ghita-si-oierul-becali\/","title":{"rendered":"Alexandra P\u0103curaru, dezv\u0103luiri bomb\u0103 \u00een EXCLUSIVITATE pentru Realitatea PLUS despre fugarul Ghi\u021b\u0103 \u0219i oierul Becali"},"content":{"rendered":"<p>\u201eSuntem \u00een postul Pa\u0219telui \u0219i \u00een aceast\u0103 perioad\u0103 sf\u00e2nt\u0103 din an trebuie sa avem grija ce vorbim, pe cine r\u00e2nim voit sau f\u0103r\u0103 voin\u021ba noastr\u0103.<\/p>\n<p>Dac\u0103 am t\u0103cut toat\u0103 aceast\u0103 perioad\u0103 asta nu \u00eenseamna c\u0103 sunt de acord s\u0103 fiu folosit\u0103 \u0219i manipulat\u0103 de unele grupuri de interese.<\/p>\n<p>Am sunat ieri personal, am vorbit cu cei de la RTV \u0219i am rugat s\u0103 nu mai foloseasc\u0103 nici imaginea mea, nici numele meu.<\/p>\n<p>Dac\u0103 acum \u00een postul Pa\u0219telui nu pot spune mai multe s\u0103 se preg\u0103teasc\u0103 to\u021bi cei care m-au folosit \u0219i au \u00eencercat s\u0103 se foloseasc\u0103 de imaginea mea ca s\u0103 creeze imaginea unui curent suveranist s-au \u00een\u0219elat. Iar pe 20 aprilie, dup\u0103 ce trec sfintele s\u0103rb\u0103tori vom vorbi \u0219i voi spune tot ceea ce \u0219tiu a\u0219a cum m\u0103 cunoa\u0219te\u021bi.<\/p>\n<p>Referitor la declara\u021biile lui Gigi Becali, e p\u0103cat. Chiar am crezut c\u0103 este un bun cre\u0219tin \u0219i chiar am crezut c\u0103 este un bun familist.<\/p>\n<p>Ceea ce a f\u0103cut este de neiertat, s\u0103-i fie ru\u0219ine. \u0218i la fel \u00eei spun \u0219i lui Ghi\u021b\u0103 din Belgrad, s\u0103-i fie ru\u0219ine. M-a folosit mult prea mult \u0219i s-a ajuns mult prea departe.<\/p>\n<p>A\u0219a cum m\u0103 cunoa\u0219te\u021bi, sunt credincioas\u0103 \u0219i vreau pace, nu doar vorbesc despre pace, dar atunci c\u00e2nd lucrurile dep\u0103\u0219esc linia ro\u0219ie mai devreme sau mai t\u00e2rziu, vor primi exact atacurile pe care le-au lansat asupra mea \u0219i familiei mele.<\/p>\n<p>Apropo de familia mea, nu exist\u0103 pe acest binecuv\u00e2ntat p\u0103m\u00e2nt familie care s\u0103 nu aib\u0103 tensiuni, care s\u0103 nu aib\u0103 certuri, dar s\u00e2ngele ne-a dovedit Iisus Hristos nu se face ap\u0103.\u201d, a declarat Alexandra P\u0103curaru \u00een exclusivitate pentru Realitatea PLUS.\u00a0<\/p>","protected":false},"excerpt":{"rendered":"<p>\u201eSuntem \u00een postul Pa\u0219telui \u0219i \u00een aceast\u0103 perioad\u0103 sf\u00e2nt\u0103 din an trebuie sa avem grija&hellip;<\/p>\n","protected":false},"author":0,"featured_media":42459,"comment_status":"open","ping_status":"open","sticky":false,"template":"","format":"standard","meta":{"footnotes":""},"categories":[2],"tags":[],"class_list":["post-42462","post","type-post","status-publish","format-standard","has-post-thumbnail","hentry","category-actual"],"_links":{"self":[{"href":"https:\/\/247stiri.ro\/index.php\/wp-json\/wp\/v2\/posts\/42462","targetHints":{"allow":["GET"]}}],"collection":[{"href":"https:\/\/247stiri.ro\/index.php\/wp-json\/wp\/v2\/posts"}],"about":[{"href":"https:\/\/247stiri.ro\/index.php\/wp-json\/wp\/v2\/types\/post"}],"replies":[{"embeddable":true,"href":"https:\/\/247stiri.ro\/index.php\/wp-json\/wp\/v2\/comments?post=42462"}],"version-history":[{"count":0,"href":"https:\/\/247stiri.ro\/index.php\/wp-json\/wp\/v2\/posts\/42462\/revisions"}],"wp:featuredmedia":[{"embeddable":true,"href":"https:\/\/247stiri.ro\/index.php\/wp-json\/wp\/v2\/media\/42459"}],"wp:attachment":[{"href":"https:\/\/247stiri.ro\/index.php\/wp-json\/wp\/v2\/media?parent=42462"}],"wp:term":[{"taxonomy":"category","embeddable":true,"href":"https:\/\/247stiri.ro\/index.php\/wp-json\/wp\/v2\/categories?post=42462"},{"taxonomy":"post_tag","embeddable":true,"href":"https:\/\/247stiri.ro\/index.php\/wp-json\/wp\/v2\/tags?post=42462"}],"curies":[{"name":"wp","href":"https:\/\/api.w.org\/{rel}","templated":true}]}}